{"id":920,"date":"2018-09-04T19:58:00","date_gmt":"2018-09-04T19:58:00","guid":{"rendered":"https:\/\/www.interperu.pe\/blog\/?p=920"},"modified":"2018-09-12T16:30:47","modified_gmt":"2018-09-12T16:30:47","slug":"international-camiones-fest","status":"publish","type":"post","link":"https:\/\/www.interperu.pe\/blog\/international-camiones-fest\/","title":{"rendered":"Se realiz\u00f3 con \u00e9xito la primera edici\u00f3n del International Camiones Fest"},"content":{"rendered":"<p style=\"text-align: justify;\"><span style=\"font-weight: 400;\">El d\u00eda viernes 24 de agosto se llev\u00f3 a cabo el primer <\/span><strong>International Camiones Fest<\/strong><span style=\"font-weight: 400;\"> en nuestra sede de Santa Anita.<\/span><\/p>\n<p><iframe loading=\"lazy\" width=\"500\" height=\"281\" src=\"https:\/\/www.youtube.com\/embed\/EzA32p6Kyus?feature=oembed&#038;wmode=opaque\" frameborder=\"0\" allow=\"autoplay; encrypted-media\" allowfullscreen><\/iframe><\/p>\n<p style=\"text-align: justify;\"><span style=\"font-weight: 400;\">Con el fin de acercarnos m\u00e1s a nuestros clientes y pasar momentos agradables con ellos, en <\/span><strong>International Camiones<\/strong><span style=\"font-weight: 400;\">,<\/span> <span style=\"font-weight: 400;\">nos complace anunciar la inauguraci\u00f3n de los <\/span><strong>International Camiones Fest<\/strong><span style=\"font-weight: 400;\">, eventos que esperamos nos ayuden a crear un v\u00ednculo m\u00e1s fuerte con cada uno de los asistentes y a identificarnos con las personas que reci\u00e9n nos conocen. <\/span><\/p>\n<p style=\"text-align: justify;\"><span style=\"font-weight: 400;\">Al asistir a nuestros festivales, podr\u00e1s pasar momentos fascinantes y entretenidos junto a nuestros asesores comerciales y equipo. Si te animas a participar en las siguientes ediciones del <\/span><strong>International Camiones Fest<\/strong> <span style=\"font-weight: 400;\">que tendr\u00e1n lugar en todas nuestras sedes, podr\u00e1s recibir capacitaciones y mantenimientos preventivos gratuitos, as\u00ed como adquirir repuestos originales para tus camiones a precios de infarto. Todo dentro de un marco festivo con una excelente animaci\u00f3n, sorteos, degustaciones y m\u00e1s.<\/span><\/p>\n<h2><strong>Promociones<\/strong><\/h2>\n<p style=\"text-align: justify;\"><span style=\"font-weight: 400;\">Durante nuestro primer <\/span><strong>International Camiones Fest<\/strong><b>, <\/b><span style=\"font-weight: 400;\">no solo hubieron ofertas especiales en la compra de unidades. Tambi\u00e9n se ofrecieron promociones exclusivas en la venta de repuestos; se sorte\u00f3 un mantenimiento preventivo entre los asistentes y, las personas que adquirieron uno de nuestros modelos en promoci\u00f3n, el <\/span><strong><i>Workstar <\/i><\/strong><span style=\"font-weight: 400;\">o el <\/span><strong><i>International 9200<\/i><\/strong><span style=\"font-weight: 400;\">, ingresaron al sorteo de un viaje a M\u00e9xico para conocer nuestras instalaciones en ese pa\u00eds. El ganador de este viaje se conocer\u00e1 a finales de a\u00f1o.<\/span><\/p>\n<h2 style=\"text-align: justify;\"><strong>Camiones y Remolcadores<\/strong><\/h2>\n<h2 style=\"text-align: justify;\"><strong><img  title=\"\" loading=\"lazy\" decoding=\"async\" class=\"aligncenter wp-image-1006 size-full\" src=\"https:\/\/www.interperu.pe\/blog\/wp-content\/uploads\/2018\/09\/international-camiones-fest-modelos-venta.jpg\"  alt=\"international-camiones-fest-modelos-venta\"  width=\"720\" height=\"340\" srcset=\"https:\/\/www.interperu.pe\/blog\/wp-content\/uploads\/2018\/09\/international-camiones-fest-modelos-venta.jpg 720w, https:\/\/www.interperu.pe\/blog\/wp-content\/uploads\/2018\/09\/international-camiones-fest-modelos-venta-300x142.jpg 300w, https:\/\/www.interperu.pe\/blog\/wp-content\/uploads\/2018\/09\/international-camiones-fest-modelos-venta-520x245.jpg 520w\" sizes=\"(max-width: 720px) 100vw, 720px\" \/><\/strong><\/h2>\n<p style=\"text-align: justify;\"><span style=\"font-weight: 400;\">\u00bfQuieres conocer algunas caracter\u00edsticas especiales de los dos modelos que estuvieron en promoci\u00f3n y exposici\u00f3n? Te las compartimos a continuaci\u00f3n:<\/span><\/p>\n<ul style=\"text-align: justify;\">\n<li style=\"font-weight: 400;\"><span style=\"font-weight: 400;\">El modelo <\/span><strong><i>Workstar<\/i><\/strong><span style=\"font-weight: 400;\"> es uno de nuestros camiones m\u00e1s vers\u00e1tiles ya que es perfecto para distintas aplicaciones como por ejemplo, para el traslado interprovincial de contenedores tanto secos como refrigerados. Se encuentra disponible con motor Cummins ISM o ISX, con potencias entre los 350 a 450 hp, torque de 1450, 1550 y 1650 libras-pie (lb-ft) y una cilindrada de 10.8 y 15 litros. <\/span><strong>\u00bfPor qu\u00e9 comprar un <i>Workstar<\/i>?<\/strong><span style=\"font-weight: 400;\"> Este modelo, acondicionado con tracciones 4&#215;2,4&#215;4, 6&#215;4, 6&#215;6, puede ser utilizado tanto como cami\u00f3n, remolcador, mixer, compactadora y gr\u00faa. Adem\u00e1s, gracias su sistema el\u00e9ctrico <\/span><strong><i>diamond logic<\/i><\/strong><span style=\"font-weight: 400;\">, sistema multiflexado que conjuga todos los mandos el\u00e9ctricos que tiene tu unidad, podr\u00e1s observar un menor tiempo de diagn\u00f3stico.<\/span><\/li>\n<li style=\"font-weight: 400;\"><span style=\"font-weight: 400;\">El tradicional <\/span><strong><i>International 9200<\/i><\/strong><span style=\"font-weight: 400;\">, uno de los modelos favoritos de nuestros conductores<\/span><b>,<\/b> <span style=\"font-weight: 400;\">\u00a0presenta un interior y una cabina pensada en la comodidad del conductor. Posee caracter\u00edsticas especiales gracias a su suspensi\u00f3n IROS, HAS y NEWAY. Entre los beneficios del 9200, se puede observar su alto valor de reventa y su mantenimiento de menor costo. Este tracto ligero, es decir, de peso menor, brinda una excelente experiencia de9 manejo y una mayor capacidad de carga gracias a su carrocer\u00eda de aluminio.<\/span><\/li>\n<\/ul>\n<p style=\"text-align: justify;\"><span style=\"font-weight: 400;\">Adem\u00e1s de los modelos anteriormente mencionados, puedes encontrar en nuestro portafolio <\/span><strong>INTERNATIONAL<\/strong><span style=\"font-weight: 400;\"> una <\/span><a href=\"http:\/\/www.interperu.pe\/c\/camiones\/\"><span style=\"font-weight: 400;\"><span style=\"color: #000080;\"><strong>amplia gama de camiones y remolcadores<\/strong><\/span><\/span><\/a><span style=\"font-weight: 400;\"> liderada por el tracto de larga distancia <\/span><strong><i>Prostar<\/i><\/strong><i><span style=\"font-weight: 400;\">, <\/span><\/i><span style=\"font-weight: 400;\">seguido del <\/span><strong><i>Transtar <\/i><\/strong><span style=\"font-weight: 400;\">y el <\/span><strong><i>Durastar<\/i><\/strong><i><span style=\"font-weight: 400;\">.<\/span><\/i><\/p>\n<h2 style=\"text-align: justify;\"><strong>Charlas informativas<\/strong><\/h2>\n<p><img  title=\"\" loading=\"lazy\" decoding=\"async\" class=\"aligncenter wp-image-1007 size-full\" src=\"https:\/\/www.interperu.pe\/blog\/wp-content\/uploads\/2018\/09\/international-camiones-fest-charlas-informativas.jpg\"  alt=\"international-camiones-fest-charlas-informativas\"  width=\"720\" height=\"340\" srcset=\"https:\/\/www.interperu.pe\/blog\/wp-content\/uploads\/2018\/09\/international-camiones-fest-charlas-informativas.jpg 720w, https:\/\/www.interperu.pe\/blog\/wp-content\/uploads\/2018\/09\/international-camiones-fest-charlas-informativas-300x142.jpg 300w, https:\/\/www.interperu.pe\/blog\/wp-content\/uploads\/2018\/09\/international-camiones-fest-charlas-informativas-520x245.jpg 520w\" sizes=\"(max-width: 720px) 100vw, 720px\" \/><\/p>\n<p style=\"text-align: justify;\"><span style=\"font-weight: 400;\">Las charlas informativas compartidas por nuestros especialistas durante el primer <\/span><strong>International Camiones Fest<\/strong><span style=\"font-weight: 400;\">, permitieron que los asistentes aprendan m\u00e1s de todos los servicios y beneficios que brindamos:<\/span><\/p>\n<h3 style=\"text-align: justify;\"><strong>Venta de repuestos<\/strong><\/h3>\n<p style=\"text-align: justify;\"><span style=\"font-weight: 400;\">La charla sobre la venta de repuestos de <\/span><strong>INTERNATIONAL<\/strong><span style=\"font-weight: 400;\"> estuvo a cargo del representante de este servicio, Luis Garc\u00eda, quien nos comparti\u00f3 informaci\u00f3n sobre las promociones actuales y la importancia de los repuestos originales.<\/span><\/p>\n<p style=\"text-align: justify;\"><span style=\"font-weight: 400;\">Recalc\u00f3 que la promoci\u00f3n de repuestos del <\/span><strong>International Camiones Fest<\/strong> <span style=\"font-weight: 400;\">se bas\u00f3 en los m\u00e1s pedidos y preferidos de los clientes: los filtros y los aceites. Adicionalmente, con la finalidad de atender no solo las necesidades de nuestros <\/span><strong>modelos International <\/strong><span style=\"font-weight: 400;\">y para que nunca te alejes de la carretera, dentro de nuestra red nacional puedes disponer de repuestos originales de distintas marcas americanas. \u00a1S\u00ed! No solo contamos con productos de la marca International, tambi\u00e9n contamos con marcas como:<\/span><\/p>\n<ul style=\"text-align: justify;\">\n<li style=\"font-weight: 400;\"><span style=\"font-weight: 400;\">Western Star Trucks<\/span><\/li>\n<li style=\"font-weight: 400;\"><span style=\"font-weight: 400;\">Kenworth<\/span><\/li>\n<li style=\"font-weight: 400;\"><span style=\"font-weight: 400;\">Freightliner<\/span><\/li>\n<li style=\"font-weight: 400;\"><span style=\"font-weight: 400;\">Volvo<\/span><\/li>\n<li style=\"font-weight: 400;\"><span style=\"font-weight: 400;\">Peterbilt<\/span><\/li>\n<li style=\"font-weight: 400;\"><span style=\"font-weight: 400;\">Mack<\/span><\/li>\n<\/ul>\n<h3 style=\"text-align: justify;\"><strong>Taller de mantenimiento y reparaciones<\/strong><\/h3>\n<p style=\"text-align: justify;\"><span style=\"font-weight: 400;\">Durante la charla sobre nuestro taller de mantenimiento y \u00a0reparaciones presentada por James, Carbajal, jefe de Soporte T\u00e9cnico, nuestros clientes pudieron saber cu\u00e1les son los beneficios o valores agregados de <\/span><strong><span style=\"color: #000080;\"><a style=\"color: #000080;\" href=\"http:\/\/www.interperu.pe\/taller-reparacion-mecanica\/\">trabajar con un taller autorizado o certificado por un fabricante<\/a><\/span><\/strong><span style=\"font-weight: 400;\">: <\/span><\/p>\n<ul style=\"text-align: justify;\">\n<li style=\"font-weight: 400;\"><strong>Garant\u00eda:<\/strong> <span style=\"font-weight: 400;\">Dejamos tus unidades como nuevas al usar repuestos originales.<\/span><\/li>\n<li style=\"font-weight: 400;\"><strong>Disponibilidad:<\/strong><span style=\"font-weight: 400;\"> Nuestro personal trabaja con rapidez para que tu unidad se encuentre SIEMPRE EN MARCHA.<\/span><\/li>\n<li style=\"font-weight: 400;\"><strong>Rendimiento<\/strong><span style=\"font-weight: 400;\"><strong>:<\/strong> Brindamos cursos y asesor\u00edas para maximizar el rendimiento de tus flotas.<\/span><\/li>\n<li style=\"font-weight: 400;\"><strong>Productividad<\/strong><span style=\"font-weight: 400;\"><strong>:<\/strong> A trav\u00e9s de nuestras asesor\u00edas a los t\u00e9cnicos de tus talleres, ofrecemos una productividad mayor al reducir los costos de mantenimiento por malas operaciones.<\/span><\/li>\n<li style=\"font-weight: 400;\"><strong>Seguridad<\/strong><span style=\"font-weight: 400;\"><strong>:<\/strong> Gracias a la telemetr\u00eda, se reducen los eventos de inestabilidad.<\/span><\/li>\n<\/ul>\n<p style=\"text-align: justify;\"><span style=\"font-weight: 400;\">Por otra parte, para\u00a0<\/span><strong><span style=\"color: #000080;\"><a style=\"color: #000080;\" href=\"http:\/\/www.interperu.pe\/taller-planchado-pintura\/\">el servicio de planchado y pintura<\/a><\/span><\/strong><span style=\"font-weight: 400;\">, <\/span><b>International Camiones<\/b><span style=\"font-weight: 400;\"> brinda cobertura contra accidentes peque\u00f1os o severos. Estamos <\/span><strong>afiliados con varias compa\u00f1\u00edas de seguros<\/strong><span style=\"font-weight: 400;\"> como MAFRE, Pac\u00edfico, La Positiva y R\u00edmac para atender cualquier eventualidad.<\/span><\/p>\n<p style=\"text-align: justify;\"><span style=\"font-weight: 400;\">Adicionalmente, se mencion\u00f3 que los servicios mayores de pintura se realizan en la sede de Cajamarquilla debido a que all\u00ed existe una mejor infraestructura. En estos casos, no debes preocuparte por trasladar tu unidad hasta esta sede; nosotros mismos lo trasladamos a trav\u00e9s de nuestro servicio de <\/span><strong>INTERGR\u00daA<\/strong><b>.<\/b><\/p>\n<p style=\"text-align: justify;\"><span style=\"font-weight: 400;\">La exposici\u00f3n del Sr. Carbajal no pudo terminar sin nombrar los <\/span><strong>servicios programados in-house<\/strong> <span style=\"font-weight: 400;\">(nuestros t\u00e9cnicos altamente capacitados se acercar\u00e1n a tu taller para realizar los mantenimientos preventivos o correctivos menores que pueda necesitar tu flota)<\/span> <span style=\"font-weight: 400;\">y\u00a0<\/span><strong><a href=\"http:\/\/www.interperu.pe\/servicio-campo\/\"><span style=\"color: #000080;\">el auxilio mec\u00e1nico de INTERNATIONAL<\/span><\/a><\/strong><span style=\"font-weight: 400;\"> (en eventos de carretera, brindamos asistencia las 24 horas del d\u00eda).<\/span><\/p>\n<h3 style=\"text-align: justify;\"><b>Nuestros servicios<\/b><\/h3>\n<p><img  title=\"\" loading=\"lazy\" decoding=\"async\" class=\"aligncenter wp-image-1008 size-full\" src=\"https:\/\/www.interperu.pe\/blog\/wp-content\/uploads\/2018\/09\/international-camiones-fest-venta-repuestos.jpg\"  alt=\"international-camiones-fest-venta-repuestos\"  width=\"720\" height=\"340\" srcset=\"https:\/\/www.interperu.pe\/blog\/wp-content\/uploads\/2018\/09\/international-camiones-fest-venta-repuestos.jpg 720w, https:\/\/www.interperu.pe\/blog\/wp-content\/uploads\/2018\/09\/international-camiones-fest-venta-repuestos-300x142.jpg 300w, https:\/\/www.interperu.pe\/blog\/wp-content\/uploads\/2018\/09\/international-camiones-fest-venta-repuestos-520x245.jpg 520w\" sizes=\"(max-width: 720px) 100vw, 720px\" \/><\/p>\n<p style=\"text-align: justify;\"><span style=\"font-weight: 400;\">Adem\u00e1s de las dos charlas anteriormente mencionadas en el primer <\/span><strong>International Camiones Fest<\/strong><span style=\"font-weight: 400;\">, tambi\u00e9n se presentaron las siguientes charlas:<\/span><\/p>\n<ul style=\"text-align: justify;\">\n<li style=\"font-weight: 400;\"><span style=\"font-weight: 400;\">Venta de camiones seminuevos<\/span><\/li>\n<li style=\"font-weight: 400;\"><span style=\"font-weight: 400;\">Mantenimiento preventivo, correctivo y predictivo<\/span><\/li>\n<li style=\"font-weight: 400;\"><span style=\"font-weight: 400;\">Telemetr\u00eda<\/span><\/li>\n<li style=\"font-weight: 400;\"><strong><span style=\"color: #000080;\"><a style=\"color: #000080;\" href=\"https:\/\/www.interperu.pe\/blog\/capacitacion-camiones-cursos-gestion-flotas\/\">Capacitaci\u00f3n gratuita permanente de operadores y t\u00e9cnicos<\/a><\/span><\/strong><\/li>\n<\/ul>\n<p style=\"text-align: justify;\"><span style=\"font-weight: 400;\">Porque queremos seguir en contacto con cada uno de nuestros clientes, mantente atento a todas las novedades y premios que tendremos para ti en nuestras pr\u00f3ximas ediciones del <\/span><b>International Camiones Fest<\/b><span style=\"font-weight: 400;\">.<\/span><\/p>\n<p style=\"text-align: justify;\"><strong>En International Camiones, encontrar\u00e1s los mejores camiones de carga y remolcadores para tu negocio. <span style=\"color: #000080;\"><a style=\"color: #000080;\" href=\"http:\/\/www.interperu.pe\/contacto\/\">Si deseas m\u00e1s informaci\u00f3n sobre camiones de carga pesada, no dudes en comunicarte con nosotros<\/a><\/span> o vis\u00edtanos en cualquiera de <a href=\"http:\/\/www.interperu.pe\/nuestra-red\/\"><span style=\"color: #000080;\">nuestros puntos de venta<\/span><\/a>.<\/strong><\/p>\n","protected":false},"excerpt":{"rendered":"<p>El d\u00eda viernes 24 de agosto se llev\u00f3 a cabo el primer International Camiones Fest en nuestra sede de Santa Anita. Con el fin de acercarnos m\u00e1s a nuestros clientes y pasar momentos agradables&#46;&#46;&#46;<\/p>\n","protected":false},"author":1,"featured_media":1005,"comment_status":"open","ping_status":"open","sticky":false,"template":"","format":"standard","meta":{"footnotes":""},"categories":[4],"tags":[66,69,60],"yoast_head":"<!-- This site is optimized with the Yoast SEO plugin v21.5 - https:\/\/yoast.com\/wordpress\/plugins\/seo\/ -->\n<title>Conoce m\u00e1s sobre el International Camiones Fest | INTERPER\u00da<\/title>\n<meta name=\"description\" content=\"Para acercarnos m\u00e1s a nuestros clientes, en International Camiones, nos complace anunciar la inauguraci\u00f3n de los International Camiones Fest.\" \/>\n<meta name=\"robots\" content=\"index, follow, max-snippet:-1, max-image-preview:large, max-video-preview:-1\" \/>\n<link rel=\"canonical\" href=\"https:\/\/www.interperu.pe\/blog\/international-camiones-fest\/\" \/>\n<meta property=\"og:locale\" content=\"es_ES\" \/>\n<meta property=\"og:type\" content=\"article\" \/>\n<meta property=\"og:title\" content=\"Conoce m\u00e1s sobre el International Camiones Fest | INTERPER\u00da\" \/>\n<meta property=\"og:description\" content=\"Para acercarnos m\u00e1s a nuestros clientes, en International Camiones, nos complace anunciar la inauguraci\u00f3n de los International Camiones Fest.\" \/>\n<meta property=\"og:url\" content=\"https:\/\/www.interperu.pe\/blog\/international-camiones-fest\/\" \/>\n<meta property=\"og:site_name\" content=\"Blog | Venta de Camiones y remolcadores | INTERPERU\" \/>\n<meta property=\"article:published_time\" content=\"2018-09-04T19:58:00+00:00\" \/>\n<meta property=\"article:modified_time\" content=\"2018-09-12T16:30:47+00:00\" \/>\n<meta property=\"og:image\" content=\"https:\/\/www.interperu.pe\/blog\/wp-content\/uploads\/2018\/09\/international-camiones-fest-servicios-ofertas.jpg\" \/>\n\t<meta property=\"og:image:width\" content=\"720\" \/>\n\t<meta property=\"og:image:height\" content=\"340\" \/>\n\t<meta property=\"og:image:type\" content=\"image\/jpeg\" \/>\n<meta name=\"author\" content=\"interperu\" \/>\n<meta name=\"twitter:card\" content=\"summary_large_image\" \/>\n<meta name=\"twitter:label1\" content=\"Escrito por\" \/>\n\t<meta name=\"twitter:data1\" content=\"interperu\" \/>\n\t<meta name=\"twitter:label2\" content=\"Tiempo de lectura\" \/>\n\t<meta name=\"twitter:data2\" content=\"5 minutos\" \/>\n<script type=\"application\/ld+json\" class=\"yoast-schema-graph\">{\"@context\":\"https:\/\/schema.org\",\"@graph\":[{\"@type\":\"WebPage\",\"@id\":\"https:\/\/www.interperu.pe\/blog\/international-camiones-fest\/\",\"url\":\"https:\/\/www.interperu.pe\/blog\/international-camiones-fest\/\",\"name\":\"Conoce m\u00e1s sobre el International Camiones Fest | INTERPER\u00da\",\"isPartOf\":{\"@id\":\"https:\/\/www.interperu.pe\/blog\/#website\"},\"datePublished\":\"2018-09-04T19:58:00+00:00\",\"dateModified\":\"2018-09-12T16:30:47+00:00\",\"author\":{\"@id\":\"https:\/\/www.interperu.pe\/blog\/#\/schema\/person\/7ff5958028256cdf442cbd9970bcb1d5\"},\"description\":\"Para acercarnos m\u00e1s a nuestros clientes, en International Camiones, nos complace anunciar la inauguraci\u00f3n de los International Camiones Fest.\",\"breadcrumb\":{\"@id\":\"https:\/\/www.interperu.pe\/blog\/international-camiones-fest\/#breadcrumb\"},\"inLanguage\":\"es\",\"potentialAction\":[{\"@type\":\"ReadAction\",\"target\":[\"https:\/\/www.interperu.pe\/blog\/international-camiones-fest\/\"]}]},{\"@type\":\"BreadcrumbList\",\"@id\":\"https:\/\/www.interperu.pe\/blog\/international-camiones-fest\/#breadcrumb\",\"itemListElement\":[{\"@type\":\"ListItem\",\"position\":1,\"name\":\"Home\",\"item\":\"https:\/\/www.interperu.pe\/blog\/\"},{\"@type\":\"ListItem\",\"position\":2,\"name\":\"Se realiz\u00f3 con \u00e9xito la primera edici\u00f3n del International Camiones Fest\"}]},{\"@type\":\"WebSite\",\"@id\":\"https:\/\/www.interperu.pe\/blog\/#website\",\"url\":\"https:\/\/www.interperu.pe\/blog\/\",\"name\":\"Blog | Venta de Camiones y remolcadores | INTERPERU\",\"description\":\"Te invitamos al blog corporativo de INTERPERU. Donde encontraras novedades, noticias, promociones y eventos sobre camiones y remolcadores de International. %%page%\",\"potentialAction\":[{\"@type\":\"SearchAction\",\"target\":{\"@type\":\"EntryPoint\",\"urlTemplate\":\"https:\/\/www.interperu.pe\/blog\/?s={search_term_string}\"},\"query-input\":\"required name=search_term_string\"}],\"inLanguage\":\"es\"},{\"@type\":\"Person\",\"@id\":\"https:\/\/www.interperu.pe\/blog\/#\/schema\/person\/7ff5958028256cdf442cbd9970bcb1d5\",\"name\":\"interperu\",\"image\":{\"@type\":\"ImageObject\",\"inLanguage\":\"es\",\"@id\":\"https:\/\/www.interperu.pe\/blog\/#\/schema\/person\/image\/\",\"url\":\"https:\/\/secure.gravatar.com\/avatar\/d31ec31447da5e432474170bdade13ac?s=96&d=mm&r=g\",\"contentUrl\":\"https:\/\/secure.gravatar.com\/avatar\/d31ec31447da5e432474170bdade13ac?s=96&d=mm&r=g\",\"caption\":\"interperu\"}}]}<\/script>\n<!-- \/ Yoast SEO plugin. -->","yoast_head_json":{"title":"Conoce m\u00e1s sobre el International Camiones Fest | INTERPER\u00da","description":"Para acercarnos m\u00e1s a nuestros clientes, en International Camiones, nos complace anunciar la inauguraci\u00f3n de los International Camiones Fest.","robots":{"index":"index","follow":"follow","max-snippet":"max-snippet:-1","max-image-preview":"max-image-preview:large","max-video-preview":"max-video-preview:-1"},"canonical":"https:\/\/www.interperu.pe\/blog\/international-camiones-fest\/","og_locale":"es_ES","og_type":"article","og_title":"Conoce m\u00e1s sobre el International Camiones Fest | INTERPER\u00da","og_description":"Para acercarnos m\u00e1s a nuestros clientes, en International Camiones, nos complace anunciar la inauguraci\u00f3n de los International Camiones Fest.","og_url":"https:\/\/www.interperu.pe\/blog\/international-camiones-fest\/","og_site_name":"Blog | Venta de Camiones y remolcadores | INTERPERU","article_published_time":"2018-09-04T19:58:00+00:00","article_modified_time":"2018-09-12T16:30:47+00:00","og_image":[{"width":720,"height":340,"url":"https:\/\/www.interperu.pe\/blog\/wp-content\/uploads\/2018\/09\/international-camiones-fest-servicios-ofertas.jpg","type":"image\/jpeg"}],"author":"interperu","twitter_card":"summary_large_image","twitter_misc":{"Escrito por":"interperu","Tiempo de lectura":"5 minutos"},"schema":{"@context":"https:\/\/schema.org","@graph":[{"@type":"WebPage","@id":"https:\/\/www.interperu.pe\/blog\/international-camiones-fest\/","url":"https:\/\/www.interperu.pe\/blog\/international-camiones-fest\/","name":"Conoce m\u00e1s sobre el International Camiones Fest | INTERPER\u00da","isPartOf":{"@id":"https:\/\/www.interperu.pe\/blog\/#website"},"datePublished":"2018-09-04T19:58:00+00:00","dateModified":"2018-09-12T16:30:47+00:00","author":{"@id":"https:\/\/www.interperu.pe\/blog\/#\/schema\/person\/7ff5958028256cdf442cbd9970bcb1d5"},"description":"Para acercarnos m\u00e1s a nuestros clientes, en International Camiones, nos complace anunciar la inauguraci\u00f3n de los International Camiones Fest.","breadcrumb":{"@id":"https:\/\/www.interperu.pe\/blog\/international-camiones-fest\/#breadcrumb"},"inLanguage":"es","potentialAction":[{"@type":"ReadAction","target":["https:\/\/www.interperu.pe\/blog\/international-camiones-fest\/"]}]},{"@type":"BreadcrumbList","@id":"https:\/\/www.interperu.pe\/blog\/international-camiones-fest\/#breadcrumb","itemListElement":[{"@type":"ListItem","position":1,"name":"Home","item":"https:\/\/www.interperu.pe\/blog\/"},{"@type":"ListItem","position":2,"name":"Se realiz\u00f3 con \u00e9xito la primera edici\u00f3n del International Camiones Fest"}]},{"@type":"WebSite","@id":"https:\/\/www.interperu.pe\/blog\/#website","url":"https:\/\/www.interperu.pe\/blog\/","name":"Blog | Venta de Camiones y remolcadores | INTERPERU","description":"Te invitamos al blog corporativo de INTERPERU. Donde encontraras novedades, noticias, promociones y eventos sobre camiones y remolcadores de International. %%page%","potentialAction":[{"@type":"SearchAction","target":{"@type":"EntryPoint","urlTemplate":"https:\/\/www.interperu.pe\/blog\/?s={search_term_string}"},"query-input":"required name=search_term_string"}],"inLanguage":"es"},{"@type":"Person","@id":"https:\/\/www.interperu.pe\/blog\/#\/schema\/person\/7ff5958028256cdf442cbd9970bcb1d5","name":"interperu","image":{"@type":"ImageObject","inLanguage":"es","@id":"https:\/\/www.interperu.pe\/blog\/#\/schema\/person\/image\/","url":"https:\/\/secure.gravatar.com\/avatar\/d31ec31447da5e432474170bdade13ac?s=96&d=mm&r=g","contentUrl":"https:\/\/secure.gravatar.com\/avatar\/d31ec31447da5e432474170bdade13ac?s=96&d=mm&r=g","caption":"interperu"}}]}},"_links":{"self":[{"href":"https:\/\/www.interperu.pe\/blog\/wp-json\/wp\/v2\/posts\/920"}],"collection":[{"href":"https:\/\/www.interperu.pe\/blog\/wp-json\/wp\/v2\/posts"}],"about":[{"href":"https:\/\/www.interperu.pe\/blog\/wp-json\/wp\/v2\/types\/post"}],"author":[{"embeddable":true,"href":"https:\/\/www.interperu.pe\/blog\/wp-json\/wp\/v2\/users\/1"}],"replies":[{"embeddable":true,"href":"https:\/\/www.interperu.pe\/blog\/wp-json\/wp\/v2\/comments?post=920"}],"version-history":[{"count":6,"href":"https:\/\/www.interperu.pe\/blog\/wp-json\/wp\/v2\/posts\/920\/revisions"}],"predecessor-version":[{"id":1014,"href":"https:\/\/www.interperu.pe\/blog\/wp-json\/wp\/v2\/posts\/920\/revisions\/1014"}],"wp:featuredmedia":[{"embeddable":true,"href":"https:\/\/www.interperu.pe\/blog\/wp-json\/wp\/v2\/media\/1005"}],"wp:attachment":[{"href":"https:\/\/www.interperu.pe\/blog\/wp-json\/wp\/v2\/media?parent=920"}],"wp:term":[{"taxonomy":"category","embeddable":true,"href":"https:\/\/www.interperu.pe\/blog\/wp-json\/wp\/v2\/categories?post=920"},{"taxonomy":"post_tag","embeddable":true,"href":"https:\/\/www.interperu.pe\/blog\/wp-json\/wp\/v2\/tags?post=920"}],"curies":[{"name":"wp","href":"https:\/\/api.w.org\/{rel}","templated":true}]}}