{"id":716,"date":"2018-03-19T19:34:47","date_gmt":"2018-03-19T19:34:47","guid":{"rendered":"https:\/\/www.interperu.pe\/blog\/?p=716"},"modified":"2018-06-11T22:16:35","modified_gmt":"2018-06-11T22:16:35","slug":"capacitacion-camiones-cursos-gestion-flotas","status":"publish","type":"post","link":"https:\/\/www.interperu.pe\/blog\/capacitacion-camiones-cursos-gestion-flotas\/","title":{"rendered":"Cursos de gesti\u00f3n de flotas y manejo INTERNATIONAL"},"content":{"rendered":"<p style=\"text-align: justify;\"><span style=\"font-weight: 400;\">Muchos personas han decidido ingresar a la industria de los camiones por distintas razones. Algunos han crecido alrededor de estos veh\u00edculos toda su vida, otros, obtienen mucha gratificaci\u00f3n de este empleo o han descubierto el beneficio econ\u00f3mico que genera. No importa c\u00f3mo ingresaste a este mundo, debes saber que este sector requiere de <\/span><a href=\"http:\/\/www.interperu.pe\/soporte-productos-capacitaciones\/\"><span style=\"font-weight: 400;\">capacitaciones constantes<\/span><\/a><span style=\"font-weight: 400;\"> y consideraciones espec\u00edficas dependiendo del tipo de cami\u00f3n que manejas y de la carga que transportas.<\/span><\/p>\n<p style=\"text-align: justify;\"><img  title=\"\" loading=\"lazy\" decoding=\"async\" class=\" wp-image-717 aligncenter\" src=\"https:\/\/www.interperu.pe\/blog\/wp-content\/uploads\/2018\/03\/international-camiones-capacitacion-cursos-300x200.jpg\"  alt=\"international-camiones-capacitacion-cursos-300x200\"  width=\"567\" height=\"378\" srcset=\"https:\/\/www.interperu.pe\/blog\/wp-content\/uploads\/2018\/03\/international-camiones-capacitacion-cursos-300x200.jpg 300w, https:\/\/www.interperu.pe\/blog\/wp-content\/uploads\/2018\/03\/international-camiones-capacitacion-cursos.jpg 500w\" sizes=\"(max-width: 567px) 100vw, 567px\" \/><\/p>\n<p style=\"text-align: justify;\"><span style=\"font-weight: 400;\">Algo que muchas personas consideran es la duraci\u00f3n total de un programa de capacitaci\u00f3n. Los programas de conducci\u00f3n, que son excesivamente largos, pueden tener su propio rango de inconvenientes. Adem\u00e1s de requerir m\u00e1s tiempo y recursos para completarlos, muchos participantes pueden olvidar el material cubierto al inicio de un curso.<\/span><\/p>\n<p style=\"text-align: justify;\"><span style=\"font-weight: 400;\">En ciertos casos, resulta muy ventajoso seguir un curso corto. Como gerente de flota de camiones, querr\u00e1s que todos tus trabajadores, tanto conductores como t\u00e9cnicos mec\u00e1nicos, est\u00e9n capacitados. Esto servir\u00e1 para construir una base s\u00f3lida en toda tu empresa.<\/span><\/p>\n<p style=\"text-align: justify;\"><img  title=\"\" loading=\"lazy\" decoding=\"async\" class=\" wp-image-720 aligncenter\" src=\"https:\/\/www.interperu.pe\/blog\/wp-content\/uploads\/2018\/03\/international-camiones-capacitacion-cursos-mantenimiento-300x206.jpg\"  alt=\"international-camiones-capacitacion-cursos-mantenimiento-300x206\"  width=\"578\" height=\"397\" srcset=\"https:\/\/www.interperu.pe\/blog\/wp-content\/uploads\/2018\/03\/international-camiones-capacitacion-cursos-mantenimiento-300x206.jpg 300w, https:\/\/www.interperu.pe\/blog\/wp-content\/uploads\/2018\/03\/international-camiones-capacitacion-cursos-mantenimiento.jpg 513w\" sizes=\"(max-width: 578px) 100vw, 578px\" \/><\/p>\n<p style=\"text-align: justify;\"><span style=\"font-weight: 400;\">Porque nos preocupamos por tu crecimiento profesional dentro de una empresa de transporte, en <\/span><b>International Camiones del Per\u00fa<\/b><span style=\"font-weight: 400;\"> queremos contarte m\u00e1s sobre nuestras capacitaciones.<\/span><\/p>\n<h2 style=\"text-align: justify;\"><strong>Capacitaci\u00f3n T\u00e9cnica<\/strong><\/h2>\n<p style=\"text-align: justify;\"><span style=\"font-weight: 400;\">Este curso est\u00e1 dirigido hacia el personal t\u00e9cnico de nuestros clientes y para las jefaturas de mantenimiento.<\/span><\/p>\n<p style=\"text-align: justify;\"><span style=\"font-weight: 400;\">Nuestro objetivo en este curso no solo es brindar informaci\u00f3n de nuestros veh\u00edculos y de sus componentes principales como la transmisi\u00f3n, motor, diferenciales, etc. Adem\u00e1s de tener en claro los <\/span><a href=\"https:\/\/www.interperu.pe\/blog\/contrato-mantenimiento-international-camiones\/\"><span style=\"font-weight: 400;\">beneficios y la importancia de realizar diagn\u00f3sticos y mantenimientos preventivos<\/span><\/a><span style=\"font-weight: 400;\"> para evitar cualquier problema t\u00e9cnico, sabr\u00e1s cu\u00e1les son los recursos necesarios para realizar estas revisiones.<\/span><\/p>\n<p style=\"text-align: justify;\"><span style=\"font-weight: 400;\">Asimismo, queremos que nuestros participantes entiendan sobre la metrolog\u00eda (estudio de medidas o de los patrones de mediciones), el entrenamiento \u201cOn-Command\u201d, la aplicaci\u00f3n de las herramientas correctas para realizar los mantenimientos debidos y el uso del software de diagn\u00f3stico de International.<\/span><\/p>\n<p style=\"text-align: justify;\"><a href=\"http:\/\/www.interperu.pe\/soporte-productos-capacitaciones\/\"><img  title=\"\" loading=\"lazy\" decoding=\"async\" class=\"aligncenter wp-image-744 size-full\" src=\"https:\/\/www.interperu.pe\/blog\/wp-content\/uploads\/2018\/03\/international-camiones-capacitacion-tecnica.jpg\"  alt=\"international-camiones-capacitacion-tecnica\"  width=\"700\" height=\"200\" srcset=\"https:\/\/www.interperu.pe\/blog\/wp-content\/uploads\/2018\/03\/international-camiones-capacitacion-tecnica.jpg 700w, https:\/\/www.interperu.pe\/blog\/wp-content\/uploads\/2018\/03\/international-camiones-capacitacion-tecnica-300x86.jpg 300w\" sizes=\"(max-width: 700px) 100vw, 700px\" \/><\/a><\/p>\n<h2 style=\"text-align: justify;\"><strong>Administraci\u00f3n de flotas<\/strong><\/h2>\n<p style=\"text-align: justify;\"><span style=\"font-weight: 400;\">Este curso est\u00e1 dirigido hacia los jefes de log\u00edstica y gerentes o administradores de operaciones, flotas y mantenimiento, as\u00ed como al personal t\u00e9cnico de nuestros clientes y para las jefaturas de mantenimiento.<\/span><\/p>\n<p style=\"text-align: justify;\">Aqu\u00ed aprender\u00e1s sobre tres indicadores importantes de mantenimiento: costos de mantenimiento, uso y cambio de neum\u00e1ticos y rendimiento de combustible. Gracias a los consejos de mejora, tu empresa o flota de camiones podr\u00e1 percibir una reducci\u00f3n en los costos operacionales.<\/p>\n<p style=\"text-align: justify;\"><a href=\"http:\/\/www.interperu.pe\/soporte-productos-capacitaciones\/\"><img  title=\"\" loading=\"lazy\" decoding=\"async\" class=\"aligncenter wp-image-745 size-full\" src=\"https:\/\/www.interperu.pe\/blog\/wp-content\/uploads\/2018\/03\/international-camiones-administracion-flotas.jpg\"  alt=\"international-camiones-administracion-flotas\"  width=\"700\" height=\"200\" srcset=\"https:\/\/www.interperu.pe\/blog\/wp-content\/uploads\/2018\/03\/international-camiones-administracion-flotas.jpg 700w, https:\/\/www.interperu.pe\/blog\/wp-content\/uploads\/2018\/03\/international-camiones-administracion-flotas-300x86.jpg 300w\" sizes=\"(max-width: 700px) 100vw, 700px\" \/><\/a><\/p>\n<h2 style=\"text-align: justify;\"><strong>Familiarizaci\u00f3n y operaci\u00f3n de veh\u00edculos Internacional<\/strong><\/h2>\n<p style=\"text-align: justify;\">Este curso est\u00e1 dirigido hacia los operadores de veh\u00edculos americanos y al personal destinado al control de flota y par\u00e1metros de conducci\u00f3n.<\/p>\n<p style=\"text-align: justify;\">Los participantes recibir\u00e1n recomendaciones sobre el buen uso del motor, embrague y transmisi\u00f3n. Adicionalmente, se les brindar\u00e1 consejos sobre el cuidado, las inspecciones antes y despu\u00e9s de cada viaje, las t\u00e9cnicas profesionales de operaci\u00f3n del tren motriz y de las posibles desventajas por una mala operaci\u00f3n del cami\u00f3n.<\/p>\n<p style=\"text-align: justify;\"><a href=\"http:\/\/www.interperu.pe\/soporte-productos-capacitaciones\/\"><img  title=\"\" loading=\"lazy\" decoding=\"async\" class=\"wp-image-746 size-full aligncenter\" src=\"https:\/\/www.interperu.pe\/blog\/wp-content\/uploads\/2018\/03\/international-camiones-familiarizacion-operacion.jpg\"  alt=\"international-camiones-familiarizacion-operacion\"  width=\"700\" height=\"200\" srcset=\"https:\/\/www.interperu.pe\/blog\/wp-content\/uploads\/2018\/03\/international-camiones-familiarizacion-operacion.jpg 700w, https:\/\/www.interperu.pe\/blog\/wp-content\/uploads\/2018\/03\/international-camiones-familiarizacion-operacion-300x86.jpg 300w\" sizes=\"(max-width: 700px) 100vw, 700px\" \/><\/a><\/p>\n<h3 style=\"text-align: justify;\"><strong>\u00bfLas capacitaciones son gratuitas?<\/strong><\/h3>\n<p style=\"text-align: justify;\">Claro que s\u00ed. Es m\u00e1s, todos nuestros cursos est\u00e1n disponibles para el p\u00fablico en general. No es necesario que poseas un cami\u00f3n o una flota de camiones marca International para poder inscribirte.<\/p>\n<h3 style=\"text-align: justify;\"><strong>Entrega de certificados<\/strong><\/h3>\n<p style=\"text-align: justify;\">Al t\u00e9rmino de cada capacitaci\u00f3n, podr\u00e1s recibir un certificado que confirme tu participaci\u00f3n en nuestros cursos.<\/p>\n<h3 style=\"text-align: justify;\"><strong>Lugar<img  title=\"\" loading=\"lazy\" decoding=\"async\" class=\" wp-image-721 alignright\" src=\"https:\/\/www.interperu.pe\/blog\/wp-content\/uploads\/2018\/03\/international-camiones-capacitacion-cursos-mapa-207x300.jpg\"  alt=\"international-camiones-capacitacion-cursos-mapa-207x300\"  width=\"252\" height=\"365\" srcset=\"https:\/\/www.interperu.pe\/blog\/wp-content\/uploads\/2018\/03\/international-camiones-capacitacion-cursos-mapa-207x300.jpg 207w, https:\/\/www.interperu.pe\/blog\/wp-content\/uploads\/2018\/03\/international-camiones-capacitacion-cursos-mapa.jpg 558w\" sizes=\"(max-width: 252px) 100vw, 252px\" \/><\/strong><\/h3>\n<p style=\"text-align: justify;\">Las capacitaciones se llevar\u00e1n a cabo seg\u00fan nuestro cronograma y en las siguientes sucursales:<\/p>\n<ul>\n<li style=\"text-align: justify;\"><strong>Trujillo:<\/strong> Av. Teodoro Valc\u00e1rcel 1091 Urb. Santa Leonor<\/li>\n<li><strong>Lima:<\/strong> Calle Los Cipreses 420 Urb. Los Ficus Santa Anita<\/li>\n<li><strong>Arequipa:<\/strong> V\u00eda Evitamiento Km 3.9 &#8211; Cerro Colorado<\/li>\n<\/ul>\n<p>&nbsp;<\/p>\n<p>&nbsp;<\/p>\n<h3 style=\"text-align: justify;\"><strong>Horarios<\/strong><\/h3>\n<p style=\"text-align: justify;\">Todos los meses, en International Camiones, brindamos cursos de capacitaci\u00f3n dirigido al p\u00fablico en general, especialmente a las personas que requieran y deseen aprender m\u00e1s sobre sus veh\u00edculos International.<\/p>\n<h3 style=\"text-align: justify;\"><strong>Inscripci\u00f3n<\/strong><\/h3>\n<p style=\"text-align: justify;\">Te recomendamos reservar tu participaci\u00f3n con dos semanas de anticipaci\u00f3n ya que los cupos son limitados.<\/p>\n<p style=\"text-align: justify;\"><em><strong><a href=\"http:\/\/www.interperu.pe\/\">International Camiones<\/a>\u00a0brindamos contratos de mantenimientos preventivos y correctivos. Si deseas obtener mayor informaci\u00f3n de nuestros\u00a0<a href=\"http:\/\/www.interperu.pe\/servicios\/\">servicios<\/a><a href=\"http:\/\/www.interperu.pe\/servicios\/\">\u00a0de camiones<\/a>, no dudes en comunicarte con nosotros a trav\u00e9s de nuestro\u00a0<a href=\"http:\/\/www.interperu.pe\/contacto\/\">formulario de contacto<\/a>.<\/strong><\/em><\/p>\n","protected":false},"excerpt":{"rendered":"<p>Muchos personas han decidido ingresar a la industria de los camiones por distintas razones. Algunos han crecido alrededor de estos veh\u00edculos toda su vida, otros, obtienen mucha gratificaci\u00f3n de este empleo o han descubierto&#46;&#46;&#46;<\/p>\n","protected":false},"author":1,"featured_media":719,"comment_status":"open","ping_status":"open","sticky":false,"template":"","format":"standard","meta":{"footnotes":""},"categories":[7,6],"tags":[46,35],"yoast_head":"<!-- This site is optimized with the Yoast SEO plugin v21.5 - https:\/\/yoast.com\/wordpress\/plugins\/seo\/ -->\n<title>Capacitaci\u00f3n en camiones | Cursos de gesti\u00f3n de flotas y manejo<\/title>\n<meta name=\"description\" content=\"Porque nos preocupamos por tu crecimiento profesional, en International Camiones queremos contarte sobre nuestras capacitaciones.\" \/>\n<meta name=\"robots\" content=\"index, follow, max-snippet:-1, max-image-preview:large, max-video-preview:-1\" \/>\n<link rel=\"canonical\" href=\"https:\/\/www.interperu.pe\/blog\/capacitacion-camiones-cursos-gestion-flotas\/\" \/>\n<meta property=\"og:locale\" content=\"es_ES\" \/>\n<meta property=\"og:type\" content=\"article\" \/>\n<meta property=\"og:title\" content=\"Capacitaci\u00f3n en camiones | Cursos de gesti\u00f3n de flotas y manejo\" \/>\n<meta property=\"og:description\" content=\"Porque nos preocupamos por tu crecimiento profesional, en International Camiones queremos contarte sobre nuestras capacitaciones.\" \/>\n<meta property=\"og:url\" content=\"https:\/\/www.interperu.pe\/blog\/capacitacion-camiones-cursos-gestion-flotas\/\" \/>\n<meta property=\"og:site_name\" content=\"Blog | Venta de Camiones y remolcadores | INTERPERU\" \/>\n<meta property=\"article:published_time\" content=\"2018-03-19T19:34:47+00:00\" \/>\n<meta property=\"article:modified_time\" content=\"2018-06-11T22:16:35+00:00\" \/>\n<meta property=\"og:image\" content=\"https:\/\/www.interperu.pe\/blog\/wp-content\/uploads\/2018\/03\/international-camiones-capacitacion-cursos-portada.jpg\" \/>\n\t<meta property=\"og:image:width\" content=\"600\" \/>\n\t<meta property=\"og:image:height\" content=\"350\" \/>\n\t<meta property=\"og:image:type\" content=\"image\/jpeg\" \/>\n<meta name=\"author\" content=\"interperu\" \/>\n<meta name=\"twitter:card\" content=\"summary_large_image\" \/>\n<meta name=\"twitter:label1\" content=\"Escrito por\" \/>\n\t<meta name=\"twitter:data1\" content=\"interperu\" \/>\n\t<meta name=\"twitter:label2\" content=\"Tiempo de lectura\" \/>\n\t<meta name=\"twitter:data2\" content=\"3 minutos\" \/>\n<script type=\"application\/ld+json\" class=\"yoast-schema-graph\">{\"@context\":\"https:\/\/schema.org\",\"@graph\":[{\"@type\":\"WebPage\",\"@id\":\"https:\/\/www.interperu.pe\/blog\/capacitacion-camiones-cursos-gestion-flotas\/\",\"url\":\"https:\/\/www.interperu.pe\/blog\/capacitacion-camiones-cursos-gestion-flotas\/\",\"name\":\"Capacitaci\u00f3n en camiones | Cursos de gesti\u00f3n de flotas y manejo\",\"isPartOf\":{\"@id\":\"https:\/\/www.interperu.pe\/blog\/#website\"},\"datePublished\":\"2018-03-19T19:34:47+00:00\",\"dateModified\":\"2018-06-11T22:16:35+00:00\",\"author\":{\"@id\":\"https:\/\/www.interperu.pe\/blog\/#\/schema\/person\/7ff5958028256cdf442cbd9970bcb1d5\"},\"description\":\"Porque nos preocupamos por tu crecimiento profesional, en International Camiones queremos contarte sobre nuestras capacitaciones.\",\"breadcrumb\":{\"@id\":\"https:\/\/www.interperu.pe\/blog\/capacitacion-camiones-cursos-gestion-flotas\/#breadcrumb\"},\"inLanguage\":\"es\",\"potentialAction\":[{\"@type\":\"ReadAction\",\"target\":[\"https:\/\/www.interperu.pe\/blog\/capacitacion-camiones-cursos-gestion-flotas\/\"]}]},{\"@type\":\"BreadcrumbList\",\"@id\":\"https:\/\/www.interperu.pe\/blog\/capacitacion-camiones-cursos-gestion-flotas\/#breadcrumb\",\"itemListElement\":[{\"@type\":\"ListItem\",\"position\":1,\"name\":\"Home\",\"item\":\"https:\/\/www.interperu.pe\/blog\/\"},{\"@type\":\"ListItem\",\"position\":2,\"name\":\"Cursos de gesti\u00f3n de flotas y manejo INTERNATIONAL\"}]},{\"@type\":\"WebSite\",\"@id\":\"https:\/\/www.interperu.pe\/blog\/#website\",\"url\":\"https:\/\/www.interperu.pe\/blog\/\",\"name\":\"Blog | Venta de Camiones y remolcadores | INTERPERU\",\"description\":\"Te invitamos al blog corporativo de INTERPERU. Donde encontraras novedades, noticias, promociones y eventos sobre camiones y remolcadores de International. %%page%\",\"potentialAction\":[{\"@type\":\"SearchAction\",\"target\":{\"@type\":\"EntryPoint\",\"urlTemplate\":\"https:\/\/www.interperu.pe\/blog\/?s={search_term_string}\"},\"query-input\":\"required name=search_term_string\"}],\"inLanguage\":\"es\"},{\"@type\":\"Person\",\"@id\":\"https:\/\/www.interperu.pe\/blog\/#\/schema\/person\/7ff5958028256cdf442cbd9970bcb1d5\",\"name\":\"interperu\",\"image\":{\"@type\":\"ImageObject\",\"inLanguage\":\"es\",\"@id\":\"https:\/\/www.interperu.pe\/blog\/#\/schema\/person\/image\/\",\"url\":\"https:\/\/secure.gravatar.com\/avatar\/d31ec31447da5e432474170bdade13ac?s=96&d=mm&r=g\",\"contentUrl\":\"https:\/\/secure.gravatar.com\/avatar\/d31ec31447da5e432474170bdade13ac?s=96&d=mm&r=g\",\"caption\":\"interperu\"}}]}<\/script>\n<!-- \/ Yoast SEO plugin. -->","yoast_head_json":{"title":"Capacitaci\u00f3n en camiones | Cursos de gesti\u00f3n de flotas y manejo","description":"Porque nos preocupamos por tu crecimiento profesional, en International Camiones queremos contarte sobre nuestras capacitaciones.","robots":{"index":"index","follow":"follow","max-snippet":"max-snippet:-1","max-image-preview":"max-image-preview:large","max-video-preview":"max-video-preview:-1"},"canonical":"https:\/\/www.interperu.pe\/blog\/capacitacion-camiones-cursos-gestion-flotas\/","og_locale":"es_ES","og_type":"article","og_title":"Capacitaci\u00f3n en camiones | Cursos de gesti\u00f3n de flotas y manejo","og_description":"Porque nos preocupamos por tu crecimiento profesional, en International Camiones queremos contarte sobre nuestras capacitaciones.","og_url":"https:\/\/www.interperu.pe\/blog\/capacitacion-camiones-cursos-gestion-flotas\/","og_site_name":"Blog | Venta de Camiones y remolcadores | INTERPERU","article_published_time":"2018-03-19T19:34:47+00:00","article_modified_time":"2018-06-11T22:16:35+00:00","og_image":[{"width":600,"height":350,"url":"https:\/\/www.interperu.pe\/blog\/wp-content\/uploads\/2018\/03\/international-camiones-capacitacion-cursos-portada.jpg","type":"image\/jpeg"}],"author":"interperu","twitter_card":"summary_large_image","twitter_misc":{"Escrito por":"interperu","Tiempo de lectura":"3 minutos"},"schema":{"@context":"https:\/\/schema.org","@graph":[{"@type":"WebPage","@id":"https:\/\/www.interperu.pe\/blog\/capacitacion-camiones-cursos-gestion-flotas\/","url":"https:\/\/www.interperu.pe\/blog\/capacitacion-camiones-cursos-gestion-flotas\/","name":"Capacitaci\u00f3n en camiones | Cursos de gesti\u00f3n de flotas y manejo","isPartOf":{"@id":"https:\/\/www.interperu.pe\/blog\/#website"},"datePublished":"2018-03-19T19:34:47+00:00","dateModified":"2018-06-11T22:16:35+00:00","author":{"@id":"https:\/\/www.interperu.pe\/blog\/#\/schema\/person\/7ff5958028256cdf442cbd9970bcb1d5"},"description":"Porque nos preocupamos por tu crecimiento profesional, en International Camiones queremos contarte sobre nuestras capacitaciones.","breadcrumb":{"@id":"https:\/\/www.interperu.pe\/blog\/capacitacion-camiones-cursos-gestion-flotas\/#breadcrumb"},"inLanguage":"es","potentialAction":[{"@type":"ReadAction","target":["https:\/\/www.interperu.pe\/blog\/capacitacion-camiones-cursos-gestion-flotas\/"]}]},{"@type":"BreadcrumbList","@id":"https:\/\/www.interperu.pe\/blog\/capacitacion-camiones-cursos-gestion-flotas\/#breadcrumb","itemListElement":[{"@type":"ListItem","position":1,"name":"Home","item":"https:\/\/www.interperu.pe\/blog\/"},{"@type":"ListItem","position":2,"name":"Cursos de gesti\u00f3n de flotas y manejo INTERNATIONAL"}]},{"@type":"WebSite","@id":"https:\/\/www.interperu.pe\/blog\/#website","url":"https:\/\/www.interperu.pe\/blog\/","name":"Blog | Venta de Camiones y remolcadores | INTERPERU","description":"Te invitamos al blog corporativo de INTERPERU. Donde encontraras novedades, noticias, promociones y eventos sobre camiones y remolcadores de International. %%page%","potentialAction":[{"@type":"SearchAction","target":{"@type":"EntryPoint","urlTemplate":"https:\/\/www.interperu.pe\/blog\/?s={search_term_string}"},"query-input":"required name=search_term_string"}],"inLanguage":"es"},{"@type":"Person","@id":"https:\/\/www.interperu.pe\/blog\/#\/schema\/person\/7ff5958028256cdf442cbd9970bcb1d5","name":"interperu","image":{"@type":"ImageObject","inLanguage":"es","@id":"https:\/\/www.interperu.pe\/blog\/#\/schema\/person\/image\/","url":"https:\/\/secure.gravatar.com\/avatar\/d31ec31447da5e432474170bdade13ac?s=96&d=mm&r=g","contentUrl":"https:\/\/secure.gravatar.com\/avatar\/d31ec31447da5e432474170bdade13ac?s=96&d=mm&r=g","caption":"interperu"}}]}},"_links":{"self":[{"href":"https:\/\/www.interperu.pe\/blog\/wp-json\/wp\/v2\/posts\/716"}],"collection":[{"href":"https:\/\/www.interperu.pe\/blog\/wp-json\/wp\/v2\/posts"}],"about":[{"href":"https:\/\/www.interperu.pe\/blog\/wp-json\/wp\/v2\/types\/post"}],"author":[{"embeddable":true,"href":"https:\/\/www.interperu.pe\/blog\/wp-json\/wp\/v2\/users\/1"}],"replies":[{"embeddable":true,"href":"https:\/\/www.interperu.pe\/blog\/wp-json\/wp\/v2\/comments?post=716"}],"version-history":[{"count":12,"href":"https:\/\/www.interperu.pe\/blog\/wp-json\/wp\/v2\/posts\/716\/revisions"}],"predecessor-version":[{"id":852,"href":"https:\/\/www.interperu.pe\/blog\/wp-json\/wp\/v2\/posts\/716\/revisions\/852"}],"wp:featuredmedia":[{"embeddable":true,"href":"https:\/\/www.interperu.pe\/blog\/wp-json\/wp\/v2\/media\/719"}],"wp:attachment":[{"href":"https:\/\/www.interperu.pe\/blog\/wp-json\/wp\/v2\/media?parent=716"}],"wp:term":[{"taxonomy":"category","embeddable":true,"href":"https:\/\/www.interperu.pe\/blog\/wp-json\/wp\/v2\/categories?post=716"},{"taxonomy":"post_tag","embeddable":true,"href":"https:\/\/www.interperu.pe\/blog\/wp-json\/wp\/v2\/tags?post=716"}],"curies":[{"name":"wp","href":"https:\/\/api.w.org\/{rel}","templated":true}]}}