{"id":176,"date":"2017-07-10T21:12:55","date_gmt":"2017-07-10T21:12:55","guid":{"rendered":"https:\/\/www.interperu.pe\/blog\/?p=176"},"modified":"2017-10-17T03:47:42","modified_gmt":"2017-10-17T03:47:42","slug":"eretorno-international-prostar","status":"publish","type":"post","link":"https:\/\/www.interperu.pe\/blog\/eretorno-international-prostar\/","title":{"rendered":"El retorno del International ProStar."},"content":{"rendered":"<p style=\"text-align: justify;\">Cuando a\u00fan te quedan kil\u00f3metros por recorrer y la entrega de pedidos se convierte en una tarea que parece no tener fin, la versatilidad del\u00a0<a href=\"http:\/\/www.interperu.pe\/remolcadores\/prostar-r\/\">ProStar<\/a> convertir\u00e1 tu viaje en una incre\u00edble experiencia. Luego de un a\u00f1o de su lanzamiento, <a href=\"http:\/\/www.interperu.pe\/\">International Camiones<\/a> nos trae el ProStar, cami\u00f3n que nos promete bajos niveles de ruido, una gran marcha y un f\u00e1cil nivel de manejo.<\/p>\n<p><img  title=\"\" loading=\"lazy\" decoding=\"async\" class=\" wp-image-180 aligncenter\" src=\"https:\/\/www.interperu.pe\/blog\/wp-content\/uploads\/2017\/07\/interperu-prostar-deflector-300x176.jpg\"  alt=\"interperu-prostar-deflector-300x176\"  width=\"397\" height=\"233\" srcset=\"https:\/\/www.interperu.pe\/blog\/wp-content\/uploads\/2017\/07\/interperu-prostar-deflector-300x176.jpg 300w, https:\/\/www.interperu.pe\/blog\/wp-content\/uploads\/2017\/07\/interperu-prostar-deflector-768x451.jpg 768w, https:\/\/www.interperu.pe\/blog\/wp-content\/uploads\/2017\/07\/interperu-prostar-deflector-1024x601.jpg 1024w, https:\/\/www.interperu.pe\/blog\/wp-content\/uploads\/2017\/07\/interperu-prostar-deflector.jpg 1314w\" sizes=\"(max-width: 397px) 100vw, 397px\" \/><\/p>\n<p style=\"text-align: justify;\">El ProStar tiene un dise\u00f1o sumamente aerodin\u00e1mico. Con un deflector en la parte superior, reduce la resistencia del viento permitiendo as\u00ed aprovechar y ahorrar combustible. Su dise\u00f1o ha posicionado al ProStar como el cami\u00f3n con mayor rendimiento de gasolina en el mercado.<\/p>\n<p><img  title=\"\" loading=\"lazy\" decoding=\"async\" class=\" wp-image-179 aligncenter\" src=\"https:\/\/www.interperu.pe\/blog\/wp-content\/uploads\/2017\/07\/interperu-prostar-parachoques-300x256.jpg\"  alt=\"interperu-prostar-parachoques-300x256\"  width=\"325\" height=\"277\" srcset=\"https:\/\/www.interperu.pe\/blog\/wp-content\/uploads\/2017\/07\/interperu-prostar-parachoques-300x256.jpg 300w, https:\/\/www.interperu.pe\/blog\/wp-content\/uploads\/2017\/07\/interperu-prostar-parachoques-768x655.jpg 768w, https:\/\/www.interperu.pe\/blog\/wp-content\/uploads\/2017\/07\/interperu-prostar-parachoques.jpg 972w\" sizes=\"(max-width: 325px) 100vw, 325px\" \/><\/p>\n<p style=\"text-align: justify;\">Su parachoques es realmente \u00fanico. Est\u00e1 compuesto de 4 partes: dos piezas externas y dos piezas traseras que le dan al parachoques su fuerza. Estas piezas pueden ser revisadas de forma individual, por lo que si ocurre un accidente y solo una pieza resulta da\u00f1ada, solo ser\u00e1 necesario reemplazarla.<\/p>\n<p><img  title=\"\" loading=\"lazy\" decoding=\"async\" class=\"aligncenter wp-image-186 size-medium\" src=\"https:\/\/www.interperu.pe\/blog\/wp-content\/uploads\/2017\/07\/interperu-prostar-motor-276x300.jpg\"  alt=\"interperu-prostar-motor-276x300\"  width=\"276\" height=\"300\" srcset=\"https:\/\/www.interperu.pe\/blog\/wp-content\/uploads\/2017\/07\/interperu-prostar-motor-276x300.jpg 276w, https:\/\/www.interperu.pe\/blog\/wp-content\/uploads\/2017\/07\/interperu-prostar-motor-768x835.jpg 768w, https:\/\/www.interperu.pe\/blog\/wp-content\/uploads\/2017\/07\/interperu-prostar-motor-942x1024.jpg 942w, https:\/\/www.interperu.pe\/blog\/wp-content\/uploads\/2017\/07\/interperu-prostar-motor.jpg 1380w\" sizes=\"(max-width: 276px) 100vw, 276px\" \/><\/p>\n<p>El ProStar integra un tren motriz que incluye un motor Cummins ISX EPA04, con una potencia de 450 y hasta 500 caballos de fuerza. El llenado de aceite en el Cummins ISX es digno de comentario porque <a href=\"http:\/\/www.interperu.pe\/\">International\u00a0<\/a><strong>\u00a0<\/strong>ha dise\u00f1ado en un tubo extensor de pl\u00e1stico que convierte esta tarea en una muy simple de hacer y menos propensa a crear desastres.<\/p>\n<p><strong>La cabina<\/strong><\/p>\n<p style=\"text-align: justify;\">Creamos el ProStar para mejorar la comodidad de nuestros usuarios. Debido a que la mayor\u00eda realiza viajes de horas y horas, quisimos enfocarnos en dise\u00f1ar una cabina que pueda cumplir con las necesidades de los conductores.<\/p>\n<p><img  title=\"\" loading=\"lazy\" decoding=\"async\" class=\"wp-image-181 aligncenter\" src=\"https:\/\/www.interperu.pe\/blog\/wp-content\/uploads\/2017\/07\/interperu-prostar-tapiceria-300x171.jpg\"  alt=\"interperu-prostar-tapiceria-300x171\"  width=\"349\" height=\"199\" srcset=\"https:\/\/www.interperu.pe\/blog\/wp-content\/uploads\/2017\/07\/interperu-prostar-tapiceria-300x171.jpg 300w, https:\/\/www.interperu.pe\/blog\/wp-content\/uploads\/2017\/07\/interperu-prostar-tapiceria-768x438.jpg 768w, https:\/\/www.interperu.pe\/blog\/wp-content\/uploads\/2017\/07\/interperu-prostar-tapiceria-1024x584.jpg 1024w, https:\/\/www.interperu.pe\/blog\/wp-content\/uploads\/2017\/07\/interperu-prostar-tapiceria.jpg 1395w\" sizes=\"(max-width: 349px) 100vw, 349px\" \/><\/p>\n<p><img  title=\"\" loading=\"lazy\" decoding=\"async\" class=\"wp-image-182 aligncenter\" src=\"https:\/\/www.interperu.pe\/blog\/wp-content\/uploads\/2017\/07\/interperu-prostar-controles-300x150.jpg\"  alt=\"interperu-prostar-controles-300x150\"  width=\"350\" height=\"175\" srcset=\"https:\/\/www.interperu.pe\/blog\/wp-content\/uploads\/2017\/07\/interperu-prostar-controles-300x150.jpg 300w, https:\/\/www.interperu.pe\/blog\/wp-content\/uploads\/2017\/07\/interperu-prostar-controles-768x384.jpg 768w, https:\/\/www.interperu.pe\/blog\/wp-content\/uploads\/2017\/07\/interperu-prostar-controles-1024x511.jpg 1024w, https:\/\/www.interperu.pe\/blog\/wp-content\/uploads\/2017\/07\/interperu-prostar-controles.jpg 1540w\" sizes=\"(max-width: 350px) 100vw, 350px\" \/><\/p>\n<p>En la parte del conductor, la tapicer\u00eda est\u00e1 compuesta de grises claros y oscuros con acentos de madera muy agradables. Dentro del panel, podemos observar una serie de luces de advertencia los cuales se complementan con el panel de informaci\u00f3n del conductor. Los interruptores, los indicadores y los pedales est\u00e1n ubicados en puntos clave para facilitar sus usos.<\/p>\n<div id=\"attachment_183\" style=\"width: 328px\" class=\"wp-caption aligncenter\"><img  title=\"\" loading=\"lazy\" decoding=\"async\" aria-describedby=\"caption-attachment-183\" class=\"wp-image-183\" src=\"https:\/\/www.interperu.pe\/blog\/wp-content\/uploads\/2017\/07\/interperu-prostar-navegacion-300x199.jpg\"  alt=\"interperu-prostar-navegacion-300x199\"  width=\"318\" height=\"211\" srcset=\"https:\/\/www.interperu.pe\/blog\/wp-content\/uploads\/2017\/07\/interperu-prostar-navegacion-300x199.jpg 300w, https:\/\/www.interperu.pe\/blog\/wp-content\/uploads\/2017\/07\/interperu-prostar-navegacion-768x509.jpg 768w, https:\/\/www.interperu.pe\/blog\/wp-content\/uploads\/2017\/07\/interperu-prostar-navegacion-1024x679.jpg 1024w, https:\/\/www.interperu.pe\/blog\/wp-content\/uploads\/2017\/07\/interperu-prostar-navegacion.jpg 1192w\" sizes=\"(max-width: 318px) 100vw, 318px\" \/><p id=\"caption-attachment-183\" class=\"wp-caption-text\">Si deseas a\u00f1adir un sistema de navegaci\u00f3n a tu unidad, cuentas con un espacio disponible para hacerlo.<\/p><\/div>\n<p style=\"text-align: justify;\">Los asientos del ProStar son 100% c\u00f3modos. Al ser dise\u00f1ados para conductores de distintos tama\u00f1os, puedes deslizarlos para as\u00ed obtener m\u00e1s espacio.<\/p>\n<div id=\"attachment_184\" style=\"width: 310px\" class=\"wp-caption aligncenter\"><img  title=\"\" loading=\"lazy\" decoding=\"async\" aria-describedby=\"caption-attachment-184\" class=\"wp-image-184 size-medium\" src=\"https:\/\/www.interperu.pe\/blog\/wp-content\/uploads\/2017\/07\/interperu-prostar-posavasos-300x195.jpg\"  alt=\"interperu-prostar-posavasos-300x195\"  width=\"300\" height=\"195\" srcset=\"https:\/\/www.interperu.pe\/blog\/wp-content\/uploads\/2017\/07\/interperu-prostar-posavasos-300x195.jpg 300w, https:\/\/www.interperu.pe\/blog\/wp-content\/uploads\/2017\/07\/interperu-prostar-posavasos-768x498.jpg 768w, https:\/\/www.interperu.pe\/blog\/wp-content\/uploads\/2017\/07\/interperu-prostar-posavasos-1024x664.jpg 1024w, https:\/\/www.interperu.pe\/blog\/wp-content\/uploads\/2017\/07\/interperu-prostar-posavasos.jpg 1258w\" sizes=\"(max-width: 300px) 100vw, 300px\" \/><p id=\"caption-attachment-184\" class=\"wp-caption-text\">El conductor tambi\u00e9n contar\u00e1 con un espacio especialmente para el posavasos y el cenicero.<\/p><\/div>\n<h4><strong>Parte trasera de la cabina<\/strong><\/h4>\n<div id=\"attachment_185\" style=\"width: 443px\" class=\"wp-caption alignright\"><img  title=\"\" loading=\"lazy\" decoding=\"async\" aria-describedby=\"caption-attachment-185\" class=\"wp-image-185\" src=\"https:\/\/www.interperu.pe\/blog\/wp-content\/uploads\/2017\/07\/interperu-prostar-camarote-300x138.jpg\"  alt=\"interperu-prostar-camarote-300x138\"  width=\"433\" height=\"199\" srcset=\"https:\/\/www.interperu.pe\/blog\/wp-content\/uploads\/2017\/07\/interperu-prostar-camarote-300x138.jpg 300w, https:\/\/www.interperu.pe\/blog\/wp-content\/uploads\/2017\/07\/interperu-prostar-camarote-768x353.jpg 768w, https:\/\/www.interperu.pe\/blog\/wp-content\/uploads\/2017\/07\/interperu-prostar-camarote.jpg 980w\" sizes=\"(max-width: 433px) 100vw, 433px\" \/><p id=\"caption-attachment-185\" class=\"wp-caption-text\">La cabina tambi\u00e9n contiene gabinetes para guardar ropa u otros objetos que desees.<\/p><\/div>\n<p style=\"text-align: justify;\">Nuestro cami\u00f3n remolque cuenta con una cabina de techo bajo con camarote.<\/p>\n<p style=\"text-align: justify;\">Al estar bien proporcionada, posee un espacio que facilita al conductor pasar a la parte trasera sin ninguna dificultad donde lo espera una cama de aproximadamente 1.80 cm.<\/p>\n<p style=\"text-align: justify;\">Una de las caracter\u00edsticas \u00fanicas del ProStar es que te brinda dos cajas de seguridad en donde podr\u00e1s guardar tus objetos de valor.<\/p>\n<p style=\"text-align: justify;\">La cabina se encuentra suspendida, pero el ProStar cuenta con dos amortiguadores con c\u00e1maras de aire que te permitir\u00e1n un manejo del veh\u00edculo m\u00e1s placentero.<\/p>\n<p style=\"text-align: justify;\">Gracias a la composici\u00f3n de metal de la cabina, esta es capaz de bloquear cualquier tipo de ruido provocado por el mismo cami\u00f3n o proveniente del exterior.<\/p>\n<p style=\"text-align: justify;\">Nuestro ProStar es, sin lugar a dudas, un excelente cami\u00f3n que est\u00e1 a la medida de los conductores que buscan tranquilidad y facilidad durante el manejo.<\/p>\n<p style=\"text-align: justify;\"><strong><em><a href=\"http:\/\/www.interperu.pe\/\">I<\/a><a href=\"http:\/\/www.interperu.pe\/\">nternational Camiones<\/a>\u00a0no solo se centra en la venta de veh\u00edculos, si no tambi\u00e9n te brinda\u00a0<a href=\"http:\/\/www.interperu.pe\/listado-repuestos\/\">repuestos<\/a>\u00a0y\u00a0<a href=\"http:\/\/www.interperu.pe\/servicios\/\">servicios diversos<\/a>\u00a0que ayudar\u00e1n a prolongar la vida de tu veh\u00edculo.\u00a0Si deseas obtener mayor informaci\u00f3n, no dudes en comunicarte con nosotros a trav\u00e9s de nuestro\u00a0<a href=\"http:\/\/www.interperu.pe\/contacto\/\">formulario de contacto<\/a>.<\/em><\/strong><\/p>\n","protected":false},"excerpt":{"rendered":"<p>Cuando a\u00fan te quedan kil\u00f3metros por recorrer y la entrega de pedidos se convierte en una tarea que parece no tener fin, la versatilidad del\u00a0ProStar convertir\u00e1 tu viaje en una incre\u00edble experiencia. Luego de&#46;&#46;&#46;<\/p>\n","protected":false},"author":1,"featured_media":190,"comment_status":"open","ping_status":"open","sticky":false,"template":"","format":"standard","meta":{"footnotes":""},"categories":[4],"tags":[9,15,11],"yoast_head":"<!-- This site is optimized with the Yoast SEO plugin v21.5 - https:\/\/yoast.com\/wordpress\/plugins\/seo\/ -->\n<title>El retorno de la Intertational ProStar | INTERPERU<\/title>\n<meta name=\"description\" content=\"International Camiones nos trae la ProStar, la cual nos promete bajos niveles de ruido, una gran marcha y un f\u00e1cil nivel de manejo.\" \/>\n<meta name=\"robots\" content=\"index, follow, max-snippet:-1, max-image-preview:large, max-video-preview:-1\" \/>\n<link rel=\"canonical\" href=\"https:\/\/www.interperu.pe\/blog\/eretorno-international-prostar\/\" \/>\n<meta property=\"og:locale\" content=\"es_ES\" \/>\n<meta property=\"og:type\" content=\"article\" \/>\n<meta property=\"og:title\" content=\"El retorno de la Intertational ProStar | INTERPERU\" \/>\n<meta property=\"og:description\" content=\"International Camiones nos trae la ProStar, la cual nos promete bajos niveles de ruido, una gran marcha y un f\u00e1cil nivel de manejo.\" \/>\n<meta property=\"og:url\" content=\"https:\/\/www.interperu.pe\/blog\/eretorno-international-prostar\/\" \/>\n<meta property=\"og:site_name\" content=\"Blog | Venta de Camiones y remolcadores | INTERPERU\" \/>\n<meta property=\"article:published_time\" content=\"2017-07-10T21:12:55+00:00\" \/>\n<meta property=\"article:modified_time\" content=\"2017-10-17T03:47:42+00:00\" \/>\n<meta property=\"og:image\" content=\"https:\/\/www.interperu.pe\/blog\/wp-content\/uploads\/2017\/07\/interperu-prostar-international.jpg\" \/>\n\t<meta property=\"og:image:width\" content=\"640\" \/>\n\t<meta property=\"og:image:height\" content=\"480\" \/>\n\t<meta property=\"og:image:type\" content=\"image\/jpeg\" \/>\n<meta name=\"author\" content=\"interperu\" \/>\n<meta name=\"twitter:card\" content=\"summary_large_image\" \/>\n<meta name=\"twitter:label1\" content=\"Escrito por\" \/>\n\t<meta name=\"twitter:data1\" content=\"interperu\" \/>\n\t<meta name=\"twitter:label2\" content=\"Tiempo de lectura\" \/>\n\t<meta name=\"twitter:data2\" content=\"3 minutos\" \/>\n<script type=\"application\/ld+json\" class=\"yoast-schema-graph\">{\"@context\":\"https:\/\/schema.org\",\"@graph\":[{\"@type\":\"WebPage\",\"@id\":\"https:\/\/www.interperu.pe\/blog\/eretorno-international-prostar\/\",\"url\":\"https:\/\/www.interperu.pe\/blog\/eretorno-international-prostar\/\",\"name\":\"El retorno de la Intertational ProStar | INTERPERU\",\"isPartOf\":{\"@id\":\"https:\/\/www.interperu.pe\/blog\/#website\"},\"datePublished\":\"2017-07-10T21:12:55+00:00\",\"dateModified\":\"2017-10-17T03:47:42+00:00\",\"author\":{\"@id\":\"https:\/\/www.interperu.pe\/blog\/#\/schema\/person\/7ff5958028256cdf442cbd9970bcb1d5\"},\"description\":\"International Camiones nos trae la ProStar, la cual nos promete bajos niveles de ruido, una gran marcha y un f\u00e1cil nivel de manejo.\",\"breadcrumb\":{\"@id\":\"https:\/\/www.interperu.pe\/blog\/eretorno-international-prostar\/#breadcrumb\"},\"inLanguage\":\"es\",\"potentialAction\":[{\"@type\":\"ReadAction\",\"target\":[\"https:\/\/www.interperu.pe\/blog\/eretorno-international-prostar\/\"]}]},{\"@type\":\"BreadcrumbList\",\"@id\":\"https:\/\/www.interperu.pe\/blog\/eretorno-international-prostar\/#breadcrumb\",\"itemListElement\":[{\"@type\":\"ListItem\",\"position\":1,\"name\":\"Home\",\"item\":\"https:\/\/www.interperu.pe\/blog\/\"},{\"@type\":\"ListItem\",\"position\":2,\"name\":\"El retorno del International ProStar.\"}]},{\"@type\":\"WebSite\",\"@id\":\"https:\/\/www.interperu.pe\/blog\/#website\",\"url\":\"https:\/\/www.interperu.pe\/blog\/\",\"name\":\"Blog | Venta de Camiones y remolcadores | INTERPERU\",\"description\":\"Te invitamos al blog corporativo de INTERPERU. Donde encontraras novedades, noticias, promociones y eventos sobre camiones y remolcadores de International. %%page%\",\"potentialAction\":[{\"@type\":\"SearchAction\",\"target\":{\"@type\":\"EntryPoint\",\"urlTemplate\":\"https:\/\/www.interperu.pe\/blog\/?s={search_term_string}\"},\"query-input\":\"required name=search_term_string\"}],\"inLanguage\":\"es\"},{\"@type\":\"Person\",\"@id\":\"https:\/\/www.interperu.pe\/blog\/#\/schema\/person\/7ff5958028256cdf442cbd9970bcb1d5\",\"name\":\"interperu\",\"image\":{\"@type\":\"ImageObject\",\"inLanguage\":\"es\",\"@id\":\"https:\/\/www.interperu.pe\/blog\/#\/schema\/person\/image\/\",\"url\":\"https:\/\/secure.gravatar.com\/avatar\/d31ec31447da5e432474170bdade13ac?s=96&d=mm&r=g\",\"contentUrl\":\"https:\/\/secure.gravatar.com\/avatar\/d31ec31447da5e432474170bdade13ac?s=96&d=mm&r=g\",\"caption\":\"interperu\"}}]}<\/script>\n<!-- \/ Yoast SEO plugin. -->","yoast_head_json":{"title":"El retorno de la Intertational ProStar | INTERPERU","description":"International Camiones nos trae la ProStar, la cual nos promete bajos niveles de ruido, una gran marcha y un f\u00e1cil nivel de manejo.","robots":{"index":"index","follow":"follow","max-snippet":"max-snippet:-1","max-image-preview":"max-image-preview:large","max-video-preview":"max-video-preview:-1"},"canonical":"https:\/\/www.interperu.pe\/blog\/eretorno-international-prostar\/","og_locale":"es_ES","og_type":"article","og_title":"El retorno de la Intertational ProStar | INTERPERU","og_description":"International Camiones nos trae la ProStar, la cual nos promete bajos niveles de ruido, una gran marcha y un f\u00e1cil nivel de manejo.","og_url":"https:\/\/www.interperu.pe\/blog\/eretorno-international-prostar\/","og_site_name":"Blog | Venta de Camiones y remolcadores | INTERPERU","article_published_time":"2017-07-10T21:12:55+00:00","article_modified_time":"2017-10-17T03:47:42+00:00","og_image":[{"width":640,"height":480,"url":"https:\/\/www.interperu.pe\/blog\/wp-content\/uploads\/2017\/07\/interperu-prostar-international.jpg","type":"image\/jpeg"}],"author":"interperu","twitter_card":"summary_large_image","twitter_misc":{"Escrito por":"interperu","Tiempo de lectura":"3 minutos"},"schema":{"@context":"https:\/\/schema.org","@graph":[{"@type":"WebPage","@id":"https:\/\/www.interperu.pe\/blog\/eretorno-international-prostar\/","url":"https:\/\/www.interperu.pe\/blog\/eretorno-international-prostar\/","name":"El retorno de la Intertational ProStar | INTERPERU","isPartOf":{"@id":"https:\/\/www.interperu.pe\/blog\/#website"},"datePublished":"2017-07-10T21:12:55+00:00","dateModified":"2017-10-17T03:47:42+00:00","author":{"@id":"https:\/\/www.interperu.pe\/blog\/#\/schema\/person\/7ff5958028256cdf442cbd9970bcb1d5"},"description":"International Camiones nos trae la ProStar, la cual nos promete bajos niveles de ruido, una gran marcha y un f\u00e1cil nivel de manejo.","breadcrumb":{"@id":"https:\/\/www.interperu.pe\/blog\/eretorno-international-prostar\/#breadcrumb"},"inLanguage":"es","potentialAction":[{"@type":"ReadAction","target":["https:\/\/www.interperu.pe\/blog\/eretorno-international-prostar\/"]}]},{"@type":"BreadcrumbList","@id":"https:\/\/www.interperu.pe\/blog\/eretorno-international-prostar\/#breadcrumb","itemListElement":[{"@type":"ListItem","position":1,"name":"Home","item":"https:\/\/www.interperu.pe\/blog\/"},{"@type":"ListItem","position":2,"name":"El retorno del International ProStar."}]},{"@type":"WebSite","@id":"https:\/\/www.interperu.pe\/blog\/#website","url":"https:\/\/www.interperu.pe\/blog\/","name":"Blog | Venta de Camiones y remolcadores | INTERPERU","description":"Te invitamos al blog corporativo de INTERPERU. Donde encontraras novedades, noticias, promociones y eventos sobre camiones y remolcadores de International. %%page%","potentialAction":[{"@type":"SearchAction","target":{"@type":"EntryPoint","urlTemplate":"https:\/\/www.interperu.pe\/blog\/?s={search_term_string}"},"query-input":"required name=search_term_string"}],"inLanguage":"es"},{"@type":"Person","@id":"https:\/\/www.interperu.pe\/blog\/#\/schema\/person\/7ff5958028256cdf442cbd9970bcb1d5","name":"interperu","image":{"@type":"ImageObject","inLanguage":"es","@id":"https:\/\/www.interperu.pe\/blog\/#\/schema\/person\/image\/","url":"https:\/\/secure.gravatar.com\/avatar\/d31ec31447da5e432474170bdade13ac?s=96&d=mm&r=g","contentUrl":"https:\/\/secure.gravatar.com\/avatar\/d31ec31447da5e432474170bdade13ac?s=96&d=mm&r=g","caption":"interperu"}}]}},"_links":{"self":[{"href":"https:\/\/www.interperu.pe\/blog\/wp-json\/wp\/v2\/posts\/176"}],"collection":[{"href":"https:\/\/www.interperu.pe\/blog\/wp-json\/wp\/v2\/posts"}],"about":[{"href":"https:\/\/www.interperu.pe\/blog\/wp-json\/wp\/v2\/types\/post"}],"author":[{"embeddable":true,"href":"https:\/\/www.interperu.pe\/blog\/wp-json\/wp\/v2\/users\/1"}],"replies":[{"embeddable":true,"href":"https:\/\/www.interperu.pe\/blog\/wp-json\/wp\/v2\/comments?post=176"}],"version-history":[{"count":11,"href":"https:\/\/www.interperu.pe\/blog\/wp-json\/wp\/v2\/posts\/176\/revisions"}],"predecessor-version":[{"id":453,"href":"https:\/\/www.interperu.pe\/blog\/wp-json\/wp\/v2\/posts\/176\/revisions\/453"}],"wp:featuredmedia":[{"embeddable":true,"href":"https:\/\/www.interperu.pe\/blog\/wp-json\/wp\/v2\/media\/190"}],"wp:attachment":[{"href":"https:\/\/www.interperu.pe\/blog\/wp-json\/wp\/v2\/media?parent=176"}],"wp:term":[{"taxonomy":"category","embeddable":true,"href":"https:\/\/www.interperu.pe\/blog\/wp-json\/wp\/v2\/categories?post=176"},{"taxonomy":"post_tag","embeddable":true,"href":"https:\/\/www.interperu.pe\/blog\/wp-json\/wp\/v2\/tags?post=176"}],"curies":[{"name":"wp","href":"https:\/\/api.w.org\/{rel}","templated":true}]}}