{"id":1589,"date":"2020-04-17T00:24:41","date_gmt":"2020-04-17T00:24:41","guid":{"rendered":"https:\/\/www.interperu.pe\/blog\/?p=1589"},"modified":"2020-04-17T01:03:48","modified_gmt":"2020-04-17T01:03:48","slug":"actualizacion-comunicado-oficial","status":"publish","type":"post","link":"https:\/\/www.interperu.pe\/blog\/actualizacion-comunicado-oficial\/","title":{"rendered":"Actualizaci\u00f3n | Comunicado oficial"},"content":{"rendered":"<p><img  title=\"\" loading=\"lazy\" decoding=\"async\" src=\"https:\/\/www.interperu.pe\/blog\/wp-content\/uploads\/2020\/04\/Captura-de-Pantalla-2020-04-16-a-las-19.26.01.png\"  alt=\"Captura-de-Pantalla-2020-04-16-a-las-19.26.01\"  width=\"1119\" height=\"396\" class=\"aligncenter size-full wp-image-1591\" srcset=\"https:\/\/www.interperu.pe\/blog\/wp-content\/uploads\/2020\/04\/Captura-de-Pantalla-2020-04-16-a-las-19.26.01.png 1119w, https:\/\/www.interperu.pe\/blog\/wp-content\/uploads\/2020\/04\/Captura-de-Pantalla-2020-04-16-a-las-19.26.01-300x106.png 300w, https:\/\/www.interperu.pe\/blog\/wp-content\/uploads\/2020\/04\/Captura-de-Pantalla-2020-04-16-a-las-19.26.01-768x272.png 768w, https:\/\/www.interperu.pe\/blog\/wp-content\/uploads\/2020\/04\/Captura-de-Pantalla-2020-04-16-a-las-19.26.01-1024x362.png 1024w\" sizes=\"(max-width: 1119px) 100vw, 1119px\" \/><\/p>\n<p>Estimados clientes:<\/p>\n<p>A nombre de <strong>INTERNATIONAL CAMIONES DEL PER\u00da<\/strong>, esperamos que usted y sus seres queridos se encuentren bien de salud.<\/p>\n<p>En situaciones como esta, la industria del transporte de carga est\u00e1 trabajando fuertemente, cumpliendo con una funci\u00f3n esencial que es la de acercar y mantener la cadena de abastecimiento de productos b\u00e1sicos, combustibles, gas y otros servicios como el recojo y disposici\u00f3n de residuos s\u00f3lidos funcionando para lograr una comunidad abastecida, limpia y segura.<\/p>\n<p>Reiteramos la importancia de continuar cumpliendo con las medidas anunciadas por el Gobierno para hacer frente al <strong>Covid-19<\/strong>, con el objetivo de preservar la salud y seguridad de nuestros clientes, personal, proveedores y p\u00fablico en general, habiendo adecuado nuestras actividades para reducir significativamente las operaciones presenciales, y continuar atendiendo las necesidades de nuestros clientes.<\/p>\n<p>Agradecemos a todos nuestros ruteros que est\u00e1n diariamente trabajando para lograr estos objetivos, les reiteramos nuestro apoyo incondicional, trabajando junto a ustedes para darles el soporte de mantenimiento o repuestos que requieran dando continuidad a estos importantes servicios esenciales, estamos listos para ayudarlos en los siguientes n\u00fameros de celular.<\/p>\n<p><strong>Servicios de Taller<\/strong>.- Se ha asignado personal t\u00e9cnico en nuestros locales de Lima, Trujillo y Arequipa, para asegurar la atenci\u00f3n y operatividad de los veh\u00edculos de nuestros clientes vinculados a la prestaci\u00f3n y acceso a los servicios y bienes esenciales definidos en el Art\u00edculo 4\u00b0 del Decreto Supremo N\u00b0 048-2020-PCM, indispensables para garantizar el abastecimiento y salubridad de la poblaci\u00f3n. Les agradeceremos realizar las coordinaciones a trav\u00e9s de sus asesores de servicios, o a trav\u00e9s de nuestro Gerente de Servicios Sr. Sergio Valdivieso v\u00eda email svaldivieso@interperu.peo celular 951933980.<\/p>\n<p><strong>Repuestos<\/strong>.- El equipo comercial de repuestos tambi\u00e9n est\u00e1 a su disposici\u00f3n v\u00eda remota, a trav\u00e9s del email o los celulares de los asesores comerciales asignados. Cualquier inquietud o necesidad puntual, ser\u00e1 atendida gustosamente a trav\u00e9s de nuestro Gerentes de Repuestos, Sr. Luis Garc\u00eda, v\u00eda email lgarcia@interperu.pe o celular 981073213. Los pedidos de repuestos deber\u00e1n ser canalizados a trav\u00e9s de estos medios para poder ser atendidos adecuadamente, desde nuestros locales de Lima, Trujillo y Arequipa.<\/p>\n<p><strong>Camiones y remolcadores<\/strong>.- Nuestro equipo comercial est\u00e1 a su disposici\u00f3n v\u00eda remota, a trav\u00e9s del email o celulares de nuestros asesores comerciales. Cualquier inquietud o necesidad puntual, ser\u00e1 atendida gustosamente a trav\u00e9s de nuestro Gerente Comercial, Sr. Humberto Bernal, v\u00eda email hbernal@interperu.pe o celular 996412674. No se brindar\u00e1 atenci\u00f3n presencial en nuestros locales de venta de unidades durante este periodo.<\/p>\n<p><strong>Sucursales Trujillo y Arequipa<\/strong>.-Nuestros Gerentes de las Sucursales de Trujillo Sr. Juan Carlos Torres (v\u00eda email jtorres@interperu.pe o celular 940481248), y de Arequipa Sr. Miguel Moran (v\u00eda email mmoran@interperu.peo celular 943295027), est\u00e1n a su disposici\u00f3n para cualquier consulta.<\/p>\n<p>Si bien no sabemos la duraci\u00f3n de las medidas de aislamiento, estamos seguros de que trabajando juntos y apoy\u00e1ndonos mutuamente saldremos de esto m\u00e1s fuertes que antes.<\/p>\n<p><strong>EQUIPO INTERNATIONAL CAMIONES DEL PER\u00da S.A.<\/strong><\/p>\n","protected":false},"excerpt":{"rendered":"<p>Estimados clientes: A nombre de INTERNATIONAL CAMIONES DEL PER\u00da, esperamos que usted y sus seres queridos se encuentren bien de salud. En situaciones como esta, la industria del transporte de carga est\u00e1 trabajando fuertemente,&#46;&#46;&#46;<\/p>\n","protected":false},"author":1,"featured_media":1591,"comment_status":"open","ping_status":"open","sticky":false,"template":"","format":"standard","meta":{"footnotes":""},"categories":[4],"tags":[],"yoast_head":"<!-- This site is optimized with the Yoast SEO plugin v21.5 - https:\/\/yoast.com\/wordpress\/plugins\/seo\/ -->\n<title>Actualizaci\u00f3n | Comunicado oficial - Blog | Venta de Camiones y remolcadores | INTERPERU<\/title>\n<meta name=\"robots\" content=\"index, follow, max-snippet:-1, max-image-preview:large, max-video-preview:-1\" \/>\n<link rel=\"canonical\" href=\"https:\/\/www.interperu.pe\/blog\/actualizacion-comunicado-oficial\/\" \/>\n<meta property=\"og:locale\" content=\"es_ES\" \/>\n<meta property=\"og:type\" content=\"article\" \/>\n<meta property=\"og:title\" content=\"Actualizaci\u00f3n | Comunicado oficial - Blog | Venta de Camiones y remolcadores | INTERPERU\" \/>\n<meta property=\"og:description\" content=\"Estimados clientes: A nombre de INTERNATIONAL CAMIONES DEL PER\u00da, esperamos que usted y sus seres queridos se encuentren bien de salud. En situaciones como esta, la industria del transporte de carga est\u00e1 trabajando fuertemente,&#046;&#046;&#046;\" \/>\n<meta property=\"og:url\" content=\"https:\/\/www.interperu.pe\/blog\/actualizacion-comunicado-oficial\/\" \/>\n<meta property=\"og:site_name\" content=\"Blog | Venta de Camiones y remolcadores | INTERPERU\" \/>\n<meta property=\"article:published_time\" content=\"2020-04-17T00:24:41+00:00\" \/>\n<meta property=\"article:modified_time\" content=\"2020-04-17T01:03:48+00:00\" \/>\n<meta property=\"og:image\" content=\"https:\/\/www.interperu.pe\/blog\/wp-content\/uploads\/2020\/04\/Captura-de-Pantalla-2020-04-16-a-las-19.26.01.png\" \/>\n\t<meta property=\"og:image:width\" content=\"1119\" \/>\n\t<meta property=\"og:image:height\" content=\"396\" \/>\n\t<meta property=\"og:image:type\" content=\"image\/png\" \/>\n<meta name=\"author\" content=\"interperu\" \/>\n<meta name=\"twitter:card\" content=\"summary_large_image\" \/>\n<meta name=\"twitter:label1\" content=\"Escrito por\" \/>\n\t<meta name=\"twitter:data1\" content=\"interperu\" \/>\n\t<meta name=\"twitter:label2\" content=\"Tiempo de lectura\" \/>\n\t<meta name=\"twitter:data2\" content=\"3 minutos\" \/>\n<script type=\"application\/ld+json\" class=\"yoast-schema-graph\">{\"@context\":\"https:\/\/schema.org\",\"@graph\":[{\"@type\":\"WebPage\",\"@id\":\"https:\/\/www.interperu.pe\/blog\/actualizacion-comunicado-oficial\/\",\"url\":\"https:\/\/www.interperu.pe\/blog\/actualizacion-comunicado-oficial\/\",\"name\":\"Actualizaci\u00f3n | Comunicado oficial - Blog | Venta de Camiones y remolcadores | INTERPERU\",\"isPartOf\":{\"@id\":\"https:\/\/www.interperu.pe\/blog\/#website\"},\"datePublished\":\"2020-04-17T00:24:41+00:00\",\"dateModified\":\"2020-04-17T01:03:48+00:00\",\"author\":{\"@id\":\"https:\/\/www.interperu.pe\/blog\/#\/schema\/person\/7ff5958028256cdf442cbd9970bcb1d5\"},\"breadcrumb\":{\"@id\":\"https:\/\/www.interperu.pe\/blog\/actualizacion-comunicado-oficial\/#breadcrumb\"},\"inLanguage\":\"es\",\"potentialAction\":[{\"@type\":\"ReadAction\",\"target\":[\"https:\/\/www.interperu.pe\/blog\/actualizacion-comunicado-oficial\/\"]}]},{\"@type\":\"BreadcrumbList\",\"@id\":\"https:\/\/www.interperu.pe\/blog\/actualizacion-comunicado-oficial\/#breadcrumb\",\"itemListElement\":[{\"@type\":\"ListItem\",\"position\":1,\"name\":\"Home\",\"item\":\"https:\/\/www.interperu.pe\/blog\/\"},{\"@type\":\"ListItem\",\"position\":2,\"name\":\"Actualizaci\u00f3n | Comunicado oficial\"}]},{\"@type\":\"WebSite\",\"@id\":\"https:\/\/www.interperu.pe\/blog\/#website\",\"url\":\"https:\/\/www.interperu.pe\/blog\/\",\"name\":\"Blog | Venta de Camiones y remolcadores | INTERPERU\",\"description\":\"Te invitamos al blog corporativo de INTERPERU. Donde encontraras novedades, noticias, promociones y eventos sobre camiones y remolcadores de International. %%page%\",\"potentialAction\":[{\"@type\":\"SearchAction\",\"target\":{\"@type\":\"EntryPoint\",\"urlTemplate\":\"https:\/\/www.interperu.pe\/blog\/?s={search_term_string}\"},\"query-input\":\"required name=search_term_string\"}],\"inLanguage\":\"es\"},{\"@type\":\"Person\",\"@id\":\"https:\/\/www.interperu.pe\/blog\/#\/schema\/person\/7ff5958028256cdf442cbd9970bcb1d5\",\"name\":\"interperu\",\"image\":{\"@type\":\"ImageObject\",\"inLanguage\":\"es\",\"@id\":\"https:\/\/www.interperu.pe\/blog\/#\/schema\/person\/image\/\",\"url\":\"https:\/\/secure.gravatar.com\/avatar\/d31ec31447da5e432474170bdade13ac?s=96&d=mm&r=g\",\"contentUrl\":\"https:\/\/secure.gravatar.com\/avatar\/d31ec31447da5e432474170bdade13ac?s=96&d=mm&r=g\",\"caption\":\"interperu\"}}]}<\/script>\n<!-- \/ Yoast SEO plugin. -->","yoast_head_json":{"title":"Actualizaci\u00f3n | Comunicado oficial - Blog | Venta de Camiones y remolcadores | INTERPERU","robots":{"index":"index","follow":"follow","max-snippet":"max-snippet:-1","max-image-preview":"max-image-preview:large","max-video-preview":"max-video-preview:-1"},"canonical":"https:\/\/www.interperu.pe\/blog\/actualizacion-comunicado-oficial\/","og_locale":"es_ES","og_type":"article","og_title":"Actualizaci\u00f3n | Comunicado oficial - Blog | Venta de Camiones y remolcadores | INTERPERU","og_description":"Estimados clientes: A nombre de INTERNATIONAL CAMIONES DEL PER\u00da, esperamos que usted y sus seres queridos se encuentren bien de salud. En situaciones como esta, la industria del transporte de carga est\u00e1 trabajando fuertemente,&#46;&#46;&#46;","og_url":"https:\/\/www.interperu.pe\/blog\/actualizacion-comunicado-oficial\/","og_site_name":"Blog | Venta de Camiones y remolcadores | INTERPERU","article_published_time":"2020-04-17T00:24:41+00:00","article_modified_time":"2020-04-17T01:03:48+00:00","og_image":[{"width":1119,"height":396,"url":"https:\/\/www.interperu.pe\/blog\/wp-content\/uploads\/2020\/04\/Captura-de-Pantalla-2020-04-16-a-las-19.26.01.png","type":"image\/png"}],"author":"interperu","twitter_card":"summary_large_image","twitter_misc":{"Escrito por":"interperu","Tiempo de lectura":"3 minutos"},"schema":{"@context":"https:\/\/schema.org","@graph":[{"@type":"WebPage","@id":"https:\/\/www.interperu.pe\/blog\/actualizacion-comunicado-oficial\/","url":"https:\/\/www.interperu.pe\/blog\/actualizacion-comunicado-oficial\/","name":"Actualizaci\u00f3n | Comunicado oficial - Blog | Venta de Camiones y remolcadores | INTERPERU","isPartOf":{"@id":"https:\/\/www.interperu.pe\/blog\/#website"},"datePublished":"2020-04-17T00:24:41+00:00","dateModified":"2020-04-17T01:03:48+00:00","author":{"@id":"https:\/\/www.interperu.pe\/blog\/#\/schema\/person\/7ff5958028256cdf442cbd9970bcb1d5"},"breadcrumb":{"@id":"https:\/\/www.interperu.pe\/blog\/actualizacion-comunicado-oficial\/#breadcrumb"},"inLanguage":"es","potentialAction":[{"@type":"ReadAction","target":["https:\/\/www.interperu.pe\/blog\/actualizacion-comunicado-oficial\/"]}]},{"@type":"BreadcrumbList","@id":"https:\/\/www.interperu.pe\/blog\/actualizacion-comunicado-oficial\/#breadcrumb","itemListElement":[{"@type":"ListItem","position":1,"name":"Home","item":"https:\/\/www.interperu.pe\/blog\/"},{"@type":"ListItem","position":2,"name":"Actualizaci\u00f3n | Comunicado oficial"}]},{"@type":"WebSite","@id":"https:\/\/www.interperu.pe\/blog\/#website","url":"https:\/\/www.interperu.pe\/blog\/","name":"Blog | Venta de Camiones y remolcadores | INTERPERU","description":"Te invitamos al blog corporativo de INTERPERU. Donde encontraras novedades, noticias, promociones y eventos sobre camiones y remolcadores de International. %%page%","potentialAction":[{"@type":"SearchAction","target":{"@type":"EntryPoint","urlTemplate":"https:\/\/www.interperu.pe\/blog\/?s={search_term_string}"},"query-input":"required name=search_term_string"}],"inLanguage":"es"},{"@type":"Person","@id":"https:\/\/www.interperu.pe\/blog\/#\/schema\/person\/7ff5958028256cdf442cbd9970bcb1d5","name":"interperu","image":{"@type":"ImageObject","inLanguage":"es","@id":"https:\/\/www.interperu.pe\/blog\/#\/schema\/person\/image\/","url":"https:\/\/secure.gravatar.com\/avatar\/d31ec31447da5e432474170bdade13ac?s=96&d=mm&r=g","contentUrl":"https:\/\/secure.gravatar.com\/avatar\/d31ec31447da5e432474170bdade13ac?s=96&d=mm&r=g","caption":"interperu"}}]}},"_links":{"self":[{"href":"https:\/\/www.interperu.pe\/blog\/wp-json\/wp\/v2\/posts\/1589"}],"collection":[{"href":"https:\/\/www.interperu.pe\/blog\/wp-json\/wp\/v2\/posts"}],"about":[{"href":"https:\/\/www.interperu.pe\/blog\/wp-json\/wp\/v2\/types\/post"}],"author":[{"embeddable":true,"href":"https:\/\/www.interperu.pe\/blog\/wp-json\/wp\/v2\/users\/1"}],"replies":[{"embeddable":true,"href":"https:\/\/www.interperu.pe\/blog\/wp-json\/wp\/v2\/comments?post=1589"}],"version-history":[{"count":8,"href":"https:\/\/www.interperu.pe\/blog\/wp-json\/wp\/v2\/posts\/1589\/revisions"}],"predecessor-version":[{"id":1599,"href":"https:\/\/www.interperu.pe\/blog\/wp-json\/wp\/v2\/posts\/1589\/revisions\/1599"}],"wp:featuredmedia":[{"embeddable":true,"href":"https:\/\/www.interperu.pe\/blog\/wp-json\/wp\/v2\/media\/1591"}],"wp:attachment":[{"href":"https:\/\/www.interperu.pe\/blog\/wp-json\/wp\/v2\/media?parent=1589"}],"wp:term":[{"taxonomy":"category","embeddable":true,"href":"https:\/\/www.interperu.pe\/blog\/wp-json\/wp\/v2\/categories?post=1589"},{"taxonomy":"post_tag","embeddable":true,"href":"https:\/\/www.interperu.pe\/blog\/wp-json\/wp\/v2\/tags?post=1589"}],"curies":[{"name":"wp","href":"https:\/\/api.w.org\/{rel}","templated":true}]}}