{"id":1324,"date":"2019-06-19T14:27:59","date_gmt":"2019-06-19T14:27:59","guid":{"rendered":"https:\/\/www.interperu.pe\/blog\/?p=1324"},"modified":"2019-06-19T21:43:38","modified_gmt":"2019-06-19T21:43:38","slug":"remolcador-international-9200-campeon-rally-vicco-2019","status":"publish","type":"post","link":"https:\/\/www.interperu.pe\/blog\/remolcador-international-9200-campeon-rally-vicco-2019\/","title":{"rendered":"El International 9200 se corona por segundo a\u00f1o consecutivo en el Rally Vicco 2019"},"content":{"rendered":"<p style=\"text-align: justify;\">Lo hizo una vez m\u00e1s. Por segundo a\u00f1o consecutivo, el\u00a0<strong><span style=\"color: #000080;\"><a style=\"color: #000080;\" href=\"https:\/\/www.interperu.pe\/remolcadores\/9200-r\/\">remolcador International 9200<\/a><\/span><\/strong> se corona como campe\u00f3n en el Rally Vicco 2019 en la categor\u00eda de marcas americanas. Los m\u00e1s de 4000 m.s.n.m no fueron impedimento para que dos de estos camiones americanos ocuparan el primer y segundo lugar.<\/p>\n<p style=\"text-align: justify;\">Con esto, no hay duda que <strong>el International 9200 es el mejor cami\u00f3n para recorridos en altura<\/strong>.<\/p>\n<h2 style=\"text-align: justify;\">Ganadores del Rally Vicco 2019<\/h2>\n<p><img  title=\"\" loading=\"lazy\" decoding=\"async\" class=\"aligncenter size-full wp-image-1334\" src=\"https:\/\/www.interperu.pe\/blog\/wp-content\/uploads\/2019\/06\/International-9200-Rally-Vicco-2019-participantes.jpg\"  alt=\"International-9200-Rally-Vicco-2019-participantes\"  width=\"720\" height=\"854\" srcset=\"https:\/\/www.interperu.pe\/blog\/wp-content\/uploads\/2019\/06\/International-9200-Rally-Vicco-2019-participantes.jpg 720w, https:\/\/www.interperu.pe\/blog\/wp-content\/uploads\/2019\/06\/International-9200-Rally-Vicco-2019-participantes-253x300.jpg 253w\" sizes=\"(max-width: 720px) 100vw, 720px\" \/><\/p>\n<p style=\"text-align: justify;\">La experiencia no lo es todo para ganar una competencia como esta, la gran potencia del cami\u00f3n juega un papel muy importante.<\/p>\n<p style=\"text-align: justify;\">Y una prueba de ello es que el a\u00f1o pasado el se\u00f1or Eduardo Castro Sarmiento, gerente de la empresa Castro Cargos S.A.C., qui\u00e9n obtuvo primer puesto.<\/p>\n<p style=\"text-align: justify;\">Fue la misma empresa quien logr\u00f3 ocupar los dos primeros puestos en el Rally Vicco de este a\u00f1o.<\/p>\n<p style=\"text-align: justify;\">La \u00fanica diferencia es que, la unidad que particip\u00f3 el a\u00f1o pasado, qued\u00f3 ahora en 2do lugar, mientras que el primer puesto lo ocup\u00f3 otro <strong>International 9200<\/strong> de la empresa del Sr. Castro.<\/p>\n<ul style=\"text-align: justify;\">\n<li>1er puesto \u2013 Modelo International 9200 \u2013 conductor Fredy David Castro Hurtado<\/li>\n<li>2do puesto \u2013 Modelo International 9200 \u2013 conductor Climmer Jhoel Castro Hurtado<\/li>\n<\/ul>\n<p style=\"text-align: justify;\">Ambos International 9200 del a\u00f1o 2013 cuentan con un motor Cummins de 400 HP<\/p>\n<p style=\"text-align: justify;\">En <strong>International Camiones<\/strong>, estamos muy contentos que dos de nuestros camiones hayan ganado este rally. Es por ello que, adem\u00e1s de los premios que lograron, les obsequiamos un kit de mantenimiento.<\/p>\n<p style=\"text-align: justify;\">Se entregar\u00e1 a la empresa como premio:<\/p>\n<ul>\n<li>6 baldes de aceite de motor marca INTERNATIONAL \u00ae<\/li>\n<li>2 tambores de freno marca FLEETRITE.<\/li>\n<li>12 galones de refrigerante marca FLEETRITE.<\/li>\n<li>2 filtros de aceite marca FLEETGUARD.<\/li>\n<\/ul>\n<h2 style=\"text-align: justify;\">\u00bfQu\u00e9 es el Rally Vicco?<\/h2>\n<p style=\"text-align: justify;\">Muy parecido al Rally Dakar, esta competencia extrema de pique de camiones y volquetes se realiza todos los a\u00f1os en el distrito de Vicco, provincia de Pasco. Adem\u00e1s, es considerado el rally m\u00e1s alto del mundo y el \u00fanico en su tipo.<\/p>\n<p style=\"text-align: justify;\">Desde el 2008, con motivo de los 50 a\u00f1os de creaci\u00f3n pol\u00edtica del distrito de Vicco, este evento re\u00fane a m\u00e1s de 30<strong><span style=\"color: #000080;\"><a style=\"color: #000080;\" href=\"https:\/\/www.interperu.pe\/blog\/secretos-conductor-camiones-carga-exitoso\/\"> conductores de camiones y remolcadores<\/a> <\/span><\/strong>para que puedan poner a prueba sus habilidades de manejo en terrenos de altura.<\/p>\n<h2 style=\"text-align: justify;\">Conoce m\u00e1s sobre el remolcador International 9200<\/h2>\n<p><img  title=\"\" loading=\"lazy\" decoding=\"async\" class=\"aligncenter size-full wp-image-1333\" src=\"https:\/\/www.interperu.pe\/blog\/wp-content\/uploads\/2019\/06\/International-9200-Rally-Vicco-2019.jpg\"  alt=\"International-9200-Rally-Vicco-2019\"  width=\"756\" height=\"784\" srcset=\"https:\/\/www.interperu.pe\/blog\/wp-content\/uploads\/2019\/06\/International-9200-Rally-Vicco-2019.jpg 756w, https:\/\/www.interperu.pe\/blog\/wp-content\/uploads\/2019\/06\/International-9200-Rally-Vicco-2019-289x300.jpg 289w\" sizes=\"(max-width: 756px) 100vw, 756px\" \/><\/p>\n<p style=\"text-align: justify;\">El <strong>remolcador de carga pesada International 9200<\/strong> puede contar con un motor CUMMINSS-ISX 400 o 450. Ambos motores poseen 6 cilindros con una cilindrada de 14.9 L. Gracias a su transmisi\u00f3n Fuller RTLO(F)-16918B de 18 velocidades con doble Overdrive y su tracci\u00f3n 6&#215;4, es el remolcador perfecto para transportar cargas en terrenos precipitados y a grandes alturas.<\/p>\n<p style=\"text-align: justify;\">Asimismo, su cabina brinda gran comodidad y seguridad al conductor, ya que su dise\u00f1o mejora la visibilidad de manejo y la ergonom\u00eda.<\/p>\n<p style=\"text-align: justify;\">El International 9200 viene equipado con veloc\u00edmetro, tac\u00f3metro, od\u00f3metro, hor\u00f3metro, aire acondicionado, alarma de retroceso, radio CD\/FM\/AM e indicadores de recorrido y de temperatura de aceite de motor, transmisi\u00f3n y coronas.<\/p>\n<p style=\"text-align: justify;\">Las aplicaciones de este cami\u00f3n pueden variar seg\u00fan tipo de remolque que lleve:<\/p>\n<ul style=\"text-align: justify;\">\n<li>Tolva encapsulada para el transporte de minerales.<\/li>\n<li>Cisterna para el transporte de l\u00edquidos, como el agua y combustible.<\/li>\n<li>Cisterna GLP para gases licuados<\/li>\n<li>Remolcador Volquete utilizado para el transporte de carga en el sector construcci\u00f3n y miner\u00eda en diversos tipos de terrenos<\/li>\n<li>Furg\u00f3n seco para el transporte de carga general<\/li>\n<li>Plataforma para el transporte de carga general<\/li>\n<li>Cig\u00fce\u00f1a para el transporte de veh\u00edculos livianos<\/li>\n<li>Furg\u00f3n frigor\u00edfico con aislamiento t\u00e9rmico y equipos de refrigeraci\u00f3n<\/li>\n<li>Remolcador furg\u00f3n isot\u00e9rmico<\/li>\n<li>Remolcador pollero para el transporte de aves<\/li>\n<li>Gr\u00faa articulada<\/li>\n<li>Bombona de cemento para el transporte de material a granel, como el cemento, ma\u00edz, etc.<\/li>\n<li>Remolcador madrina o tolva met\u00e1lica para el transporte de basura, maleza y otros desechos met\u00e1licos.<\/li>\n<li>Cama baja para el transporte de maquinaria pesada y otras cargas sobre dimensionadas.<\/li>\n<\/ul>\n<p style=\"text-align: justify;\"><strong>En International Camiones, encontrar\u00e1s los mejores remolcadores y camiones para tu negocio. <span style=\"color: #000080;\"><a style=\"color: #000080;\" href=\"http:\/\/www.interperu.pe\/contacto\/\">Si deseas m\u00e1s informaci\u00f3n sobre unidades de carga pesada, no dudes en comunicarte con nosotros<\/a><\/span> o vis\u00edtanos en cualquiera de <span style=\"color: #000080;\"><a style=\"color: #000080;\" href=\"http:\/\/www.interperu.pe\/nuestra-red\/\">nuestros puntos de venta<\/a><\/span>.<\/strong><\/p>\n","protected":false},"excerpt":{"rendered":"<p>Lo hizo una vez m\u00e1s. Por segundo a\u00f1o consecutivo, el\u00a0remolcador International 9200 se corona como campe\u00f3n en el Rally Vicco 2019 en la categor\u00eda de marcas americanas. Los m\u00e1s de 4000 m.s.n.m no fueron&#46;&#46;&#46;<\/p>\n","protected":false},"author":1,"featured_media":1335,"comment_status":"open","ping_status":"open","sticky":false,"template":"","format":"image","meta":{"footnotes":""},"categories":[4],"tags":[66,11],"yoast_head":"<!-- This site is optimized with the Yoast SEO plugin v21.5 - https:\/\/yoast.com\/wordpress\/plugins\/seo\/ -->\n<title>Remolcador International 9200 nuevamente campe\u00f3n del Rally Vicco 2019 | INTERPER\u00da<\/title>\n<meta name=\"description\" content=\"Por segundo a\u00f1o consecutivo, el remolcador International 9200 se corona como campe\u00f3n definitivo en el Rally Vicco 2019 de camiones.\" \/>\n<meta name=\"robots\" content=\"index, follow, max-snippet:-1, max-image-preview:large, max-video-preview:-1\" \/>\n<link rel=\"canonical\" href=\"https:\/\/www.interperu.pe\/blog\/remolcador-international-9200-campeon-rally-vicco-2019\/\" \/>\n<meta property=\"og:locale\" content=\"es_ES\" \/>\n<meta property=\"og:type\" content=\"article\" \/>\n<meta property=\"og:title\" content=\"Remolcador International 9200 nuevamente campe\u00f3n del Rally Vicco 2019 | INTERPER\u00da\" \/>\n<meta property=\"og:description\" content=\"Por segundo a\u00f1o consecutivo, el remolcador International 9200 se corona como campe\u00f3n definitivo en el Rally Vicco 2019 de camiones.\" \/>\n<meta property=\"og:url\" content=\"https:\/\/www.interperu.pe\/blog\/remolcador-international-9200-campeon-rally-vicco-2019\/\" \/>\n<meta property=\"og:site_name\" content=\"Blog | Venta de Camiones y remolcadores | INTERPERU\" \/>\n<meta property=\"article:published_time\" content=\"2019-06-19T14:27:59+00:00\" \/>\n<meta property=\"article:modified_time\" content=\"2019-06-19T21:43:38+00:00\" \/>\n<meta property=\"og:image\" content=\"https:\/\/www.interperu.pe\/blog\/wp-content\/uploads\/2019\/06\/International-camiones-9200-Rally-Vicco-2019.jpg\" \/>\n\t<meta property=\"og:image:width\" content=\"720\" \/>\n\t<meta property=\"og:image:height\" content=\"340\" \/>\n\t<meta property=\"og:image:type\" content=\"image\/jpeg\" \/>\n<meta name=\"author\" content=\"interperu\" \/>\n<meta name=\"twitter:card\" content=\"summary_large_image\" \/>\n<meta name=\"twitter:label1\" content=\"Escrito por\" \/>\n\t<meta name=\"twitter:data1\" content=\"interperu\" \/>\n\t<meta name=\"twitter:label2\" content=\"Tiempo de lectura\" \/>\n\t<meta name=\"twitter:data2\" content=\"3 minutos\" \/>\n<script type=\"application\/ld+json\" class=\"yoast-schema-graph\">{\"@context\":\"https:\/\/schema.org\",\"@graph\":[{\"@type\":\"WebPage\",\"@id\":\"https:\/\/www.interperu.pe\/blog\/remolcador-international-9200-campeon-rally-vicco-2019\/\",\"url\":\"https:\/\/www.interperu.pe\/blog\/remolcador-international-9200-campeon-rally-vicco-2019\/\",\"name\":\"Remolcador International 9200 nuevamente campe\u00f3n del Rally Vicco 2019 | INTERPER\u00da\",\"isPartOf\":{\"@id\":\"https:\/\/www.interperu.pe\/blog\/#website\"},\"datePublished\":\"2019-06-19T14:27:59+00:00\",\"dateModified\":\"2019-06-19T21:43:38+00:00\",\"author\":{\"@id\":\"https:\/\/www.interperu.pe\/blog\/#\/schema\/person\/7ff5958028256cdf442cbd9970bcb1d5\"},\"description\":\"Por segundo a\u00f1o consecutivo, el remolcador International 9200 se corona como campe\u00f3n definitivo en el Rally Vicco 2019 de camiones.\",\"breadcrumb\":{\"@id\":\"https:\/\/www.interperu.pe\/blog\/remolcador-international-9200-campeon-rally-vicco-2019\/#breadcrumb\"},\"inLanguage\":\"es\",\"potentialAction\":[{\"@type\":\"ReadAction\",\"target\":[\"https:\/\/www.interperu.pe\/blog\/remolcador-international-9200-campeon-rally-vicco-2019\/\"]}]},{\"@type\":\"BreadcrumbList\",\"@id\":\"https:\/\/www.interperu.pe\/blog\/remolcador-international-9200-campeon-rally-vicco-2019\/#breadcrumb\",\"itemListElement\":[{\"@type\":\"ListItem\",\"position\":1,\"name\":\"Home\",\"item\":\"https:\/\/www.interperu.pe\/blog\/\"},{\"@type\":\"ListItem\",\"position\":2,\"name\":\"El International 9200 se corona por segundo a\u00f1o consecutivo en el Rally Vicco 2019\"}]},{\"@type\":\"WebSite\",\"@id\":\"https:\/\/www.interperu.pe\/blog\/#website\",\"url\":\"https:\/\/www.interperu.pe\/blog\/\",\"name\":\"Blog | Venta de Camiones y remolcadores | INTERPERU\",\"description\":\"Te invitamos al blog corporativo de INTERPERU. Donde encontraras novedades, noticias, promociones y eventos sobre camiones y remolcadores de International. %%page%\",\"potentialAction\":[{\"@type\":\"SearchAction\",\"target\":{\"@type\":\"EntryPoint\",\"urlTemplate\":\"https:\/\/www.interperu.pe\/blog\/?s={search_term_string}\"},\"query-input\":\"required name=search_term_string\"}],\"inLanguage\":\"es\"},{\"@type\":\"Person\",\"@id\":\"https:\/\/www.interperu.pe\/blog\/#\/schema\/person\/7ff5958028256cdf442cbd9970bcb1d5\",\"name\":\"interperu\",\"image\":{\"@type\":\"ImageObject\",\"inLanguage\":\"es\",\"@id\":\"https:\/\/www.interperu.pe\/blog\/#\/schema\/person\/image\/\",\"url\":\"https:\/\/secure.gravatar.com\/avatar\/d31ec31447da5e432474170bdade13ac?s=96&d=mm&r=g\",\"contentUrl\":\"https:\/\/secure.gravatar.com\/avatar\/d31ec31447da5e432474170bdade13ac?s=96&d=mm&r=g\",\"caption\":\"interperu\"}}]}<\/script>\n<!-- \/ Yoast SEO plugin. -->","yoast_head_json":{"title":"Remolcador International 9200 nuevamente campe\u00f3n del Rally Vicco 2019 | INTERPER\u00da","description":"Por segundo a\u00f1o consecutivo, el remolcador International 9200 se corona como campe\u00f3n definitivo en el Rally Vicco 2019 de camiones.","robots":{"index":"index","follow":"follow","max-snippet":"max-snippet:-1","max-image-preview":"max-image-preview:large","max-video-preview":"max-video-preview:-1"},"canonical":"https:\/\/www.interperu.pe\/blog\/remolcador-international-9200-campeon-rally-vicco-2019\/","og_locale":"es_ES","og_type":"article","og_title":"Remolcador International 9200 nuevamente campe\u00f3n del Rally Vicco 2019 | INTERPER\u00da","og_description":"Por segundo a\u00f1o consecutivo, el remolcador International 9200 se corona como campe\u00f3n definitivo en el Rally Vicco 2019 de camiones.","og_url":"https:\/\/www.interperu.pe\/blog\/remolcador-international-9200-campeon-rally-vicco-2019\/","og_site_name":"Blog | Venta de Camiones y remolcadores | INTERPERU","article_published_time":"2019-06-19T14:27:59+00:00","article_modified_time":"2019-06-19T21:43:38+00:00","og_image":[{"width":720,"height":340,"url":"https:\/\/www.interperu.pe\/blog\/wp-content\/uploads\/2019\/06\/International-camiones-9200-Rally-Vicco-2019.jpg","type":"image\/jpeg"}],"author":"interperu","twitter_card":"summary_large_image","twitter_misc":{"Escrito por":"interperu","Tiempo de lectura":"3 minutos"},"schema":{"@context":"https:\/\/schema.org","@graph":[{"@type":"WebPage","@id":"https:\/\/www.interperu.pe\/blog\/remolcador-international-9200-campeon-rally-vicco-2019\/","url":"https:\/\/www.interperu.pe\/blog\/remolcador-international-9200-campeon-rally-vicco-2019\/","name":"Remolcador International 9200 nuevamente campe\u00f3n del Rally Vicco 2019 | INTERPER\u00da","isPartOf":{"@id":"https:\/\/www.interperu.pe\/blog\/#website"},"datePublished":"2019-06-19T14:27:59+00:00","dateModified":"2019-06-19T21:43:38+00:00","author":{"@id":"https:\/\/www.interperu.pe\/blog\/#\/schema\/person\/7ff5958028256cdf442cbd9970bcb1d5"},"description":"Por segundo a\u00f1o consecutivo, el remolcador International 9200 se corona como campe\u00f3n definitivo en el Rally Vicco 2019 de camiones.","breadcrumb":{"@id":"https:\/\/www.interperu.pe\/blog\/remolcador-international-9200-campeon-rally-vicco-2019\/#breadcrumb"},"inLanguage":"es","potentialAction":[{"@type":"ReadAction","target":["https:\/\/www.interperu.pe\/blog\/remolcador-international-9200-campeon-rally-vicco-2019\/"]}]},{"@type":"BreadcrumbList","@id":"https:\/\/www.interperu.pe\/blog\/remolcador-international-9200-campeon-rally-vicco-2019\/#breadcrumb","itemListElement":[{"@type":"ListItem","position":1,"name":"Home","item":"https:\/\/www.interperu.pe\/blog\/"},{"@type":"ListItem","position":2,"name":"El International 9200 se corona por segundo a\u00f1o consecutivo en el Rally Vicco 2019"}]},{"@type":"WebSite","@id":"https:\/\/www.interperu.pe\/blog\/#website","url":"https:\/\/www.interperu.pe\/blog\/","name":"Blog | Venta de Camiones y remolcadores | INTERPERU","description":"Te invitamos al blog corporativo de INTERPERU. Donde encontraras novedades, noticias, promociones y eventos sobre camiones y remolcadores de International. %%page%","potentialAction":[{"@type":"SearchAction","target":{"@type":"EntryPoint","urlTemplate":"https:\/\/www.interperu.pe\/blog\/?s={search_term_string}"},"query-input":"required name=search_term_string"}],"inLanguage":"es"},{"@type":"Person","@id":"https:\/\/www.interperu.pe\/blog\/#\/schema\/person\/7ff5958028256cdf442cbd9970bcb1d5","name":"interperu","image":{"@type":"ImageObject","inLanguage":"es","@id":"https:\/\/www.interperu.pe\/blog\/#\/schema\/person\/image\/","url":"https:\/\/secure.gravatar.com\/avatar\/d31ec31447da5e432474170bdade13ac?s=96&d=mm&r=g","contentUrl":"https:\/\/secure.gravatar.com\/avatar\/d31ec31447da5e432474170bdade13ac?s=96&d=mm&r=g","caption":"interperu"}}]}},"_links":{"self":[{"href":"https:\/\/www.interperu.pe\/blog\/wp-json\/wp\/v2\/posts\/1324"}],"collection":[{"href":"https:\/\/www.interperu.pe\/blog\/wp-json\/wp\/v2\/posts"}],"about":[{"href":"https:\/\/www.interperu.pe\/blog\/wp-json\/wp\/v2\/types\/post"}],"author":[{"embeddable":true,"href":"https:\/\/www.interperu.pe\/blog\/wp-json\/wp\/v2\/users\/1"}],"replies":[{"embeddable":true,"href":"https:\/\/www.interperu.pe\/blog\/wp-json\/wp\/v2\/comments?post=1324"}],"version-history":[{"count":12,"href":"https:\/\/www.interperu.pe\/blog\/wp-json\/wp\/v2\/posts\/1324\/revisions"}],"predecessor-version":[{"id":1340,"href":"https:\/\/www.interperu.pe\/blog\/wp-json\/wp\/v2\/posts\/1324\/revisions\/1340"}],"wp:featuredmedia":[{"embeddable":true,"href":"https:\/\/www.interperu.pe\/blog\/wp-json\/wp\/v2\/media\/1335"}],"wp:attachment":[{"href":"https:\/\/www.interperu.pe\/blog\/wp-json\/wp\/v2\/media?parent=1324"}],"wp:term":[{"taxonomy":"category","embeddable":true,"href":"https:\/\/www.interperu.pe\/blog\/wp-json\/wp\/v2\/categories?post=1324"},{"taxonomy":"post_tag","embeddable":true,"href":"https:\/\/www.interperu.pe\/blog\/wp-json\/wp\/v2\/tags?post=1324"}],"curies":[{"name":"wp","href":"https:\/\/api.w.org\/{rel}","templated":true}]}}