{"id":1157,"date":"2019-01-04T14:46:44","date_gmt":"2019-01-04T14:46:44","guid":{"rendered":"https:\/\/www.interperu.pe\/blog\/?p=1157"},"modified":"2019-01-10T15:22:54","modified_gmt":"2019-01-10T15:22:54","slug":"consejos-conducir-camion-carga-verano","status":"publish","type":"post","link":"https:\/\/www.interperu.pe\/blog\/consejos-conducir-camion-carga-verano\/","title":{"rendered":"Consejos al conducir un cami\u00f3n de carga en el verano"},"content":{"rendered":"<p><img  title=\"\" loading=\"lazy\" decoding=\"async\" class=\"aligncenter size-full wp-image-1168\" src=\"https:\/\/www.interperu.pe\/blog\/wp-content\/uploads\/2019\/01\/consejos-conducir-camion-carga-verano.jpg\"  alt=\"consejos-conducir-camion-carga-verano\"  width=\"720\" height=\"340\" srcset=\"https:\/\/www.interperu.pe\/blog\/wp-content\/uploads\/2019\/01\/consejos-conducir-camion-carga-verano.jpg 720w, https:\/\/www.interperu.pe\/blog\/wp-content\/uploads\/2019\/01\/consejos-conducir-camion-carga-verano-300x142.jpg 300w, https:\/\/www.interperu.pe\/blog\/wp-content\/uploads\/2019\/01\/consejos-conducir-camion-carga-verano-520x245.jpg 520w\" sizes=\"(max-width: 720px) 100vw, 720px\" \/><\/p>\n<p style=\"text-align: justify;\">El verano ya lleg\u00f3; comienza la temporada de clima c\u00e1lido.\u00a0Si eres un conductor de un <a href=\"https:\/\/www.interperu.pe\/c\/camiones\/\"><strong>cami\u00f3n de carga<\/strong><\/a>, esta temporada significa una serie de problemas completamente nuevos que debes conocer y medidas de seguridad que debes tomar.<\/p>\n<p style=\"text-align: justify;\">En el siguiente art\u00edculo de <strong>International Camiones<\/strong>, encontrar\u00e1s algunos consejos \u00fatiles para que este verano puedas manejar con toda confianza tu cami\u00f3n de carga.<\/p>\n<h2 style=\"text-align: justify;\"><strong>Use protecci\u00f3n solar<\/strong><\/h2>\n<p style=\"text-align: justify;\"><strong>El hecho de estar en un cami\u00f3n de carga todo el tiempo no significa que estar\u00e1s protegido del sol<\/strong> y que cuidar\u00e1s de tu salud.<\/p>\n<p style=\"text-align: justify;\"><span style=\"font-weight: 400;\">Si bien los rayos del sol que brillan a trav\u00e9s de la ventana del lado del conductor pueden sentirse bien, existen graves riesgos asociados con esto, incluidas las quemaduras solares y las l\u00edneas de bronceado (el lado izquierdo de tu cuerpo es la que tomar\u00e1 mayor parte del sol). <\/span><\/p>\n<p style=\"text-align: justify;\"><span style=\"font-weight: 400;\">Asimismo, recuerda que estar expuesto durante mucho tiempo a los rayos solares podr\u00eda provocarte c\u00e1ncer de piel.<\/span><\/p>\n<p style=\"text-align: justify;\">Por eso, incluso cuando est\u00e9s dentro de la cabina de tu cami\u00f3n de carga, usa protector solar.\u00a0Los sombreros, gafas de sol y camisas de manga larga tambi\u00e9n pueden ayudarte a protegerte contra los rayos UV.<\/p>\n<h2 style=\"text-align: justify;\"><strong>Mantente hidratado<\/strong><\/h2>\n<p style=\"text-align: justify;\">Aunque est\u00e9s en un cami\u00f3n de carga con aire acondicionado, a\u00fan puedes deshidratarte.<\/p>\n<p style=\"text-align: justify;\"><strong>Estar hidratado te mantendr\u00e1 despierto y concentrado.<\/strong> Cuando te deshidratas, a menudo puedes sentirte deshidratado, lento y agotado, o incluso con n\u00e1useas.<\/p>\n<p style=\"text-align: justify;\">Aseg\u00farate de tener dos botellas de agua para beber. Lo recomendable es beber al menos unos 8 vasos de agua todos los d\u00edas, especialmente durante el verano.<\/p>\n<h2 style=\"text-align: justify;\"><strong>Ten cuidado con los conductores adicionales<\/strong><\/h2>\n<p><img  title=\"\" loading=\"lazy\" decoding=\"async\" class=\"aligncenter size-full wp-image-1169\" src=\"https:\/\/www.interperu.pe\/blog\/wp-content\/uploads\/2019\/01\/cuidado-con-conductores-adicionales.jpg\"  alt=\"cuidado-con-conductores-adicionales\"  width=\"720\" height=\"340\" srcset=\"https:\/\/www.interperu.pe\/blog\/wp-content\/uploads\/2019\/01\/cuidado-con-conductores-adicionales.jpg 720w, https:\/\/www.interperu.pe\/blog\/wp-content\/uploads\/2019\/01\/cuidado-con-conductores-adicionales-300x142.jpg 300w, https:\/\/www.interperu.pe\/blog\/wp-content\/uploads\/2019\/01\/cuidado-con-conductores-adicionales-520x245.jpg 520w\" sizes=\"(max-width: 720px) 100vw, 720px\" \/><\/p>\n<p style=\"text-align: justify;\">En los meses de verano, hay m\u00e1s personas en la carretera que en cualquier otra temporada, y el n\u00famero aumenta durante los fines de semana, que es cuando las familias aprovechan para ir a las playas y piscinas.<\/p>\n<p style=\"text-align: justify;\">Todos estos conductores estar\u00e1n en carreteras con las que posiblemente no est\u00e9n familiarizados, lo que a menudo puede conducir a un manejo err\u00e1tico y peligroso con aumento de tr\u00e1fico.\u00a0Y, para los conductores de camiones de carga, esto significa que las carreteras ser\u00e1n mucho menos seguras.<\/p>\n<p style=\"text-align: justify;\"><strong>Para disminuir la posibilidad de un accidente, mantente siempre alerta al manejar tu cami\u00f3n de carga<\/strong> (prestando especial atenci\u00f3n a los puntos ciegos) y s\u00e9 consciente de lo que est\u00e1 sucediendo todo el tiempo.<\/p>\n<p style=\"text-align: justify;\"><strong>Te interesar\u00e1: \u201c<a href=\"https:\/\/www.interperu.pe\/blog\/como-iniciar-propia-flota-camiones\/\">C\u00f3mo iniciar tu propia flota de camiones de carga<\/a>\u201d.<\/strong><\/p>\n<h2 style=\"text-align: justify;\"><strong>S\u00e9 precavido\u00a0<\/strong><strong>en las zonas de trabajo<\/strong><\/h2>\n<p style=\"text-align: justify;\">En los meses de verano se realizan m\u00e1s obras de carretera que en cualquier otro momento.<\/p>\n<p style=\"text-align: justify;\">Siempre es importante tener cuidado en una zona de trabajo debido a los peligros que representan. Adem\u00e1s, las multas por exceso de velocidad y otras violaciones a menudo se duplican o triplican en dichas zonas.<\/p>\n<h2 style=\"text-align: justify;\"><strong>Mant\u00e9n los neum\u00e1ticos correctamente inflados<\/strong><\/h2>\n<p style=\"text-align: justify;\">Los reventones de neum\u00e1ticos son muy frecuentes en el calor extremo.\u00a0Por ejemplo, los neum\u00e1ticos inflados con baja presi\u00f3n son m\u00e1s susceptibles a explotar debido al calor. <strong>Aseg\u00farate de que todos los neum\u00e1ticos de tu cami\u00f3n de carga est\u00e9n en buenas condiciones e inflados correctamente<\/strong> antes de salir a una entrega.<\/p>\n<h2 style=\"text-align: justify;\"><strong>Revisa los frenos<\/strong><\/h2>\n<p><img  title=\"\" loading=\"lazy\" decoding=\"async\" class=\"aligncenter size-full wp-image-1170\" src=\"https:\/\/www.interperu.pe\/blog\/wp-content\/uploads\/2019\/01\/conducir-camion-verano-revisar-frenos.jpg\"  alt=\"conducir-camion-verano-revisar-frenos\"  width=\"720\" height=\"340\" srcset=\"https:\/\/www.interperu.pe\/blog\/wp-content\/uploads\/2019\/01\/conducir-camion-verano-revisar-frenos.jpg 720w, https:\/\/www.interperu.pe\/blog\/wp-content\/uploads\/2019\/01\/conducir-camion-verano-revisar-frenos-300x142.jpg 300w, https:\/\/www.interperu.pe\/blog\/wp-content\/uploads\/2019\/01\/conducir-camion-verano-revisar-frenos-520x245.jpg 520w\" sizes=\"(max-width: 720px) 100vw, 720px\" \/><\/p>\n<p style=\"text-align: justify;\"><strong>Las altas temperaturas del verano pueden provocar el desgaste de los frenos<\/strong>\u00a0o la p\u00e9rdida de fricci\u00f3n debido a que los componentes ya no pueden seguir absorbiendo calor adicional.<\/p>\n<p style=\"text-align: justify;\">Siempre revisa los frenos de tu cami\u00f3n de carga para garantizar de que est\u00e9n funcionando correctamente.<\/p>\n<h2 style=\"text-align: justify;\"><strong>Presta atenci\u00f3n al clima<\/strong><\/h2>\n<p style=\"text-align: justify;\">El verano puede traer consigo m\u00e1s lluvias de lo normal y olas de calor extremo. <strong>Las carreteras resbaladizas pueden ser una pesadilla<\/strong>.<\/p>\n<p style=\"text-align: justify;\"><span style=\"font-weight: 400;\">Revisa regularmente el clima de la ciudad donde te diriges y de las ciudades intermedias.<\/span>\u00a0De esta manera, siempre estar\u00e1s preparado para lo que te espera en una ruta (incluso puedes cambiarla si es necesario).<\/p>\n<p style=\"text-align: justify;\"><strong>En International Camiones, encontrar\u00e1s los mejores camiones de carga y remolcadores para tu negocio.\u00a0<a href=\"http:\/\/www.interperu.pe\/contacto\/\">Si\u00a0<\/a><a href=\"http:\/\/www.interperu.pe\/contacto\/\">deseas m\u00e1s informaci\u00f3n sobre camiones de carga pesada, no dudes en comunicarte con nosotros<\/a>\u00a0o vis\u00edtanos\u00a0en cualquiera de\u00a0<a href=\"http:\/\/www.interperu.pe\/nuestra-red\/\">nuestros puntos de venta<\/a>.<\/strong><\/p>\n","protected":false},"excerpt":{"rendered":"<p>El verano ya lleg\u00f3; comienza la temporada de clima c\u00e1lido.\u00a0Si eres un conductor de un cami\u00f3n de carga, esta temporada significa una serie de problemas completamente nuevos que debes conocer y medidas de seguridad&#46;&#46;&#46;<\/p>\n","protected":false},"author":1,"featured_media":1168,"comment_status":"open","ping_status":"open","sticky":false,"template":"","format":"standard","meta":{"footnotes":""},"categories":[6],"tags":[54,76],"yoast_head":"<!-- This site is optimized with the Yoast SEO plugin v21.5 - https:\/\/yoast.com\/wordpress\/plugins\/seo\/ -->\n<title>Consejos al conducir un cami\u00f3n de carga en el verano | INTERPER\u00da<\/title>\n<meta name=\"description\" content=\"En International Camiones, encontrar\u00e1s algunos consejos \u00fatiles para que este verano puedas manejar con toda confianza tu cami\u00f3n de carga.\" \/>\n<meta name=\"robots\" content=\"index, follow, max-snippet:-1, max-image-preview:large, max-video-preview:-1\" \/>\n<link rel=\"canonical\" href=\"https:\/\/www.interperu.pe\/blog\/consejos-conducir-camion-carga-verano\/\" \/>\n<meta property=\"og:locale\" content=\"es_ES\" \/>\n<meta property=\"og:type\" content=\"article\" \/>\n<meta property=\"og:title\" content=\"Consejos al conducir un cami\u00f3n de carga en el verano | INTERPER\u00da\" \/>\n<meta property=\"og:description\" content=\"En International Camiones, encontrar\u00e1s algunos consejos \u00fatiles para que este verano puedas manejar con toda confianza tu cami\u00f3n de carga.\" \/>\n<meta property=\"og:url\" content=\"https:\/\/www.interperu.pe\/blog\/consejos-conducir-camion-carga-verano\/\" \/>\n<meta property=\"og:site_name\" content=\"Blog | Venta de Camiones y remolcadores | INTERPERU\" \/>\n<meta property=\"article:published_time\" content=\"2019-01-04T14:46:44+00:00\" \/>\n<meta property=\"article:modified_time\" content=\"2019-01-10T15:22:54+00:00\" \/>\n<meta property=\"og:image\" content=\"https:\/\/www.interperu.pe\/blog\/wp-content\/uploads\/2019\/01\/consejos-conducir-camion-carga-verano.jpg\" \/>\n\t<meta property=\"og:image:width\" content=\"720\" \/>\n\t<meta property=\"og:image:height\" content=\"340\" \/>\n\t<meta property=\"og:image:type\" content=\"image\/jpeg\" \/>\n<meta name=\"author\" content=\"interperu\" \/>\n<meta name=\"twitter:card\" content=\"summary_large_image\" \/>\n<meta name=\"twitter:label1\" content=\"Escrito por\" \/>\n\t<meta name=\"twitter:data1\" content=\"interperu\" \/>\n\t<meta name=\"twitter:label2\" content=\"Tiempo de lectura\" \/>\n\t<meta name=\"twitter:data2\" content=\"4 minutos\" \/>\n<script type=\"application\/ld+json\" class=\"yoast-schema-graph\">{\"@context\":\"https:\/\/schema.org\",\"@graph\":[{\"@type\":\"WebPage\",\"@id\":\"https:\/\/www.interperu.pe\/blog\/consejos-conducir-camion-carga-verano\/\",\"url\":\"https:\/\/www.interperu.pe\/blog\/consejos-conducir-camion-carga-verano\/\",\"name\":\"Consejos al conducir un cami\u00f3n de carga en el verano | INTERPER\u00da\",\"isPartOf\":{\"@id\":\"https:\/\/www.interperu.pe\/blog\/#website\"},\"datePublished\":\"2019-01-04T14:46:44+00:00\",\"dateModified\":\"2019-01-10T15:22:54+00:00\",\"author\":{\"@id\":\"https:\/\/www.interperu.pe\/blog\/#\/schema\/person\/7ff5958028256cdf442cbd9970bcb1d5\"},\"description\":\"En International Camiones, encontrar\u00e1s algunos consejos \u00fatiles para que este verano puedas manejar con toda confianza tu cami\u00f3n de carga.\",\"breadcrumb\":{\"@id\":\"https:\/\/www.interperu.pe\/blog\/consejos-conducir-camion-carga-verano\/#breadcrumb\"},\"inLanguage\":\"es\",\"potentialAction\":[{\"@type\":\"ReadAction\",\"target\":[\"https:\/\/www.interperu.pe\/blog\/consejos-conducir-camion-carga-verano\/\"]}]},{\"@type\":\"BreadcrumbList\",\"@id\":\"https:\/\/www.interperu.pe\/blog\/consejos-conducir-camion-carga-verano\/#breadcrumb\",\"itemListElement\":[{\"@type\":\"ListItem\",\"position\":1,\"name\":\"Home\",\"item\":\"https:\/\/www.interperu.pe\/blog\/\"},{\"@type\":\"ListItem\",\"position\":2,\"name\":\"Consejos al conducir un cami\u00f3n de carga en el verano\"}]},{\"@type\":\"WebSite\",\"@id\":\"https:\/\/www.interperu.pe\/blog\/#website\",\"url\":\"https:\/\/www.interperu.pe\/blog\/\",\"name\":\"Blog | Venta de Camiones y remolcadores | INTERPERU\",\"description\":\"Te invitamos al blog corporativo de INTERPERU. Donde encontraras novedades, noticias, promociones y eventos sobre camiones y remolcadores de International. %%page%\",\"potentialAction\":[{\"@type\":\"SearchAction\",\"target\":{\"@type\":\"EntryPoint\",\"urlTemplate\":\"https:\/\/www.interperu.pe\/blog\/?s={search_term_string}\"},\"query-input\":\"required name=search_term_string\"}],\"inLanguage\":\"es\"},{\"@type\":\"Person\",\"@id\":\"https:\/\/www.interperu.pe\/blog\/#\/schema\/person\/7ff5958028256cdf442cbd9970bcb1d5\",\"name\":\"interperu\",\"image\":{\"@type\":\"ImageObject\",\"inLanguage\":\"es\",\"@id\":\"https:\/\/www.interperu.pe\/blog\/#\/schema\/person\/image\/\",\"url\":\"https:\/\/secure.gravatar.com\/avatar\/d31ec31447da5e432474170bdade13ac?s=96&d=mm&r=g\",\"contentUrl\":\"https:\/\/secure.gravatar.com\/avatar\/d31ec31447da5e432474170bdade13ac?s=96&d=mm&r=g\",\"caption\":\"interperu\"}}]}<\/script>\n<!-- \/ Yoast SEO plugin. -->","yoast_head_json":{"title":"Consejos al conducir un cami\u00f3n de carga en el verano | INTERPER\u00da","description":"En International Camiones, encontrar\u00e1s algunos consejos \u00fatiles para que este verano puedas manejar con toda confianza tu cami\u00f3n de carga.","robots":{"index":"index","follow":"follow","max-snippet":"max-snippet:-1","max-image-preview":"max-image-preview:large","max-video-preview":"max-video-preview:-1"},"canonical":"https:\/\/www.interperu.pe\/blog\/consejos-conducir-camion-carga-verano\/","og_locale":"es_ES","og_type":"article","og_title":"Consejos al conducir un cami\u00f3n de carga en el verano | INTERPER\u00da","og_description":"En International Camiones, encontrar\u00e1s algunos consejos \u00fatiles para que este verano puedas manejar con toda confianza tu cami\u00f3n de carga.","og_url":"https:\/\/www.interperu.pe\/blog\/consejos-conducir-camion-carga-verano\/","og_site_name":"Blog | Venta de Camiones y remolcadores | INTERPERU","article_published_time":"2019-01-04T14:46:44+00:00","article_modified_time":"2019-01-10T15:22:54+00:00","og_image":[{"width":720,"height":340,"url":"https:\/\/www.interperu.pe\/blog\/wp-content\/uploads\/2019\/01\/consejos-conducir-camion-carga-verano.jpg","type":"image\/jpeg"}],"author":"interperu","twitter_card":"summary_large_image","twitter_misc":{"Escrito por":"interperu","Tiempo de lectura":"4 minutos"},"schema":{"@context":"https:\/\/schema.org","@graph":[{"@type":"WebPage","@id":"https:\/\/www.interperu.pe\/blog\/consejos-conducir-camion-carga-verano\/","url":"https:\/\/www.interperu.pe\/blog\/consejos-conducir-camion-carga-verano\/","name":"Consejos al conducir un cami\u00f3n de carga en el verano | INTERPER\u00da","isPartOf":{"@id":"https:\/\/www.interperu.pe\/blog\/#website"},"datePublished":"2019-01-04T14:46:44+00:00","dateModified":"2019-01-10T15:22:54+00:00","author":{"@id":"https:\/\/www.interperu.pe\/blog\/#\/schema\/person\/7ff5958028256cdf442cbd9970bcb1d5"},"description":"En International Camiones, encontrar\u00e1s algunos consejos \u00fatiles para que este verano puedas manejar con toda confianza tu cami\u00f3n de carga.","breadcrumb":{"@id":"https:\/\/www.interperu.pe\/blog\/consejos-conducir-camion-carga-verano\/#breadcrumb"},"inLanguage":"es","potentialAction":[{"@type":"ReadAction","target":["https:\/\/www.interperu.pe\/blog\/consejos-conducir-camion-carga-verano\/"]}]},{"@type":"BreadcrumbList","@id":"https:\/\/www.interperu.pe\/blog\/consejos-conducir-camion-carga-verano\/#breadcrumb","itemListElement":[{"@type":"ListItem","position":1,"name":"Home","item":"https:\/\/www.interperu.pe\/blog\/"},{"@type":"ListItem","position":2,"name":"Consejos al conducir un cami\u00f3n de carga en el verano"}]},{"@type":"WebSite","@id":"https:\/\/www.interperu.pe\/blog\/#website","url":"https:\/\/www.interperu.pe\/blog\/","name":"Blog | Venta de Camiones y remolcadores | INTERPERU","description":"Te invitamos al blog corporativo de INTERPERU. Donde encontraras novedades, noticias, promociones y eventos sobre camiones y remolcadores de International. %%page%","potentialAction":[{"@type":"SearchAction","target":{"@type":"EntryPoint","urlTemplate":"https:\/\/www.interperu.pe\/blog\/?s={search_term_string}"},"query-input":"required name=search_term_string"}],"inLanguage":"es"},{"@type":"Person","@id":"https:\/\/www.interperu.pe\/blog\/#\/schema\/person\/7ff5958028256cdf442cbd9970bcb1d5","name":"interperu","image":{"@type":"ImageObject","inLanguage":"es","@id":"https:\/\/www.interperu.pe\/blog\/#\/schema\/person\/image\/","url":"https:\/\/secure.gravatar.com\/avatar\/d31ec31447da5e432474170bdade13ac?s=96&d=mm&r=g","contentUrl":"https:\/\/secure.gravatar.com\/avatar\/d31ec31447da5e432474170bdade13ac?s=96&d=mm&r=g","caption":"interperu"}}]}},"_links":{"self":[{"href":"https:\/\/www.interperu.pe\/blog\/wp-json\/wp\/v2\/posts\/1157"}],"collection":[{"href":"https:\/\/www.interperu.pe\/blog\/wp-json\/wp\/v2\/posts"}],"about":[{"href":"https:\/\/www.interperu.pe\/blog\/wp-json\/wp\/v2\/types\/post"}],"author":[{"embeddable":true,"href":"https:\/\/www.interperu.pe\/blog\/wp-json\/wp\/v2\/users\/1"}],"replies":[{"embeddable":true,"href":"https:\/\/www.interperu.pe\/blog\/wp-json\/wp\/v2\/comments?post=1157"}],"version-history":[{"count":5,"href":"https:\/\/www.interperu.pe\/blog\/wp-json\/wp\/v2\/posts\/1157\/revisions"}],"predecessor-version":[{"id":1172,"href":"https:\/\/www.interperu.pe\/blog\/wp-json\/wp\/v2\/posts\/1157\/revisions\/1172"}],"wp:featuredmedia":[{"embeddable":true,"href":"https:\/\/www.interperu.pe\/blog\/wp-json\/wp\/v2\/media\/1168"}],"wp:attachment":[{"href":"https:\/\/www.interperu.pe\/blog\/wp-json\/wp\/v2\/media?parent=1157"}],"wp:term":[{"taxonomy":"category","embeddable":true,"href":"https:\/\/www.interperu.pe\/blog\/wp-json\/wp\/v2\/categories?post=1157"},{"taxonomy":"post_tag","embeddable":true,"href":"https:\/\/www.interperu.pe\/blog\/wp-json\/wp\/v2\/tags?post=1157"}],"curies":[{"name":"wp","href":"https:\/\/api.w.org\/{rel}","templated":true}]}}