{"id":110,"date":"2016-11-17T14:35:23","date_gmt":"2016-11-17T14:35:23","guid":{"rendered":"https:\/\/www.interperu.pe\/blog\/?p=110"},"modified":"2017-07-13T20:43:35","modified_gmt":"2017-07-13T20:43:35","slug":"55-anos-uruguay","status":"publish","type":"post","link":"https:\/\/www.interperu.pe\/blog\/55-anos-uruguay\/","title":{"rendered":"55 a\u00f1os en Uruguay"},"content":{"rendered":"<p>El 17 de noviembre se celebraron 55 a\u00f1os de presencia y liderazgo de INTERNATIONAL en Uruguay, en un evento con m\u00e1s de 110 participantes de 63 empresas de transporte, construcci\u00f3n, organizaci\u00f3n vial, y el sector agr\u00edcola y forestal. Se realizaron conversatorios, tratando temas de nuevas tecnolog\u00edas, seguridad, emisiones y postratamiento, tendencias en transmisiones automatizadas, suspensiones, y pr\u00e1cticas de operaci\u00f3n y mantenimiento.<\/p>\n","protected":false},"excerpt":{"rendered":"<p>El 17 de noviembre se celebraron 55 a\u00f1os de presencia y liderazgo de INTERNATIONAL en Uruguay, en un evento con m\u00e1s de 110 participantes de 63 empresas de transporte, construcci\u00f3n, organizaci\u00f3n vial, y el&#46;&#46;&#46;<\/p>\n","protected":false},"author":1,"featured_media":127,"comment_status":"open","ping_status":"open","sticky":false,"template":"","format":"standard","meta":{"footnotes":""},"categories":[4],"tags":[],"yoast_head":"<!-- This site is optimized with the Yoast SEO plugin v21.5 - https:\/\/yoast.com\/wordpress\/plugins\/seo\/ -->\n<title>55 a\u00f1os en Uruguay | Blog | INTERPERU<\/title>\n<meta name=\"description\" content=\"El 17 de noviembre se celebraron 55 a\u00f1os de presencia y liderazgo de INTERNATIONAL en Uruguay. Conoce m\u00e1s del evento entrando al blog de INTERPERU.\" \/>\n<meta name=\"robots\" content=\"index, follow, max-snippet:-1, max-image-preview:large, max-video-preview:-1\" \/>\n<link rel=\"canonical\" href=\"https:\/\/www.interperu.pe\/blog\/55-anos-uruguay\/\" \/>\n<meta property=\"og:locale\" content=\"es_ES\" \/>\n<meta property=\"og:type\" content=\"article\" \/>\n<meta property=\"og:title\" content=\"55 a\u00f1os en Uruguay | Blog | INTERPERU\" \/>\n<meta property=\"og:description\" content=\"El 17 de noviembre se celebraron 55 a\u00f1os de presencia y liderazgo de INTERNATIONAL en Uruguay. Conoce m\u00e1s del evento entrando al blog de INTERPERU.\" \/>\n<meta property=\"og:url\" content=\"https:\/\/www.interperu.pe\/blog\/55-anos-uruguay\/\" \/>\n<meta property=\"og:site_name\" content=\"Blog | Venta de Camiones y remolcadores | INTERPERU\" \/>\n<meta property=\"article:published_time\" content=\"2016-11-17T14:35:23+00:00\" \/>\n<meta property=\"article:modified_time\" content=\"2017-07-13T20:43:35+00:00\" \/>\n<meta property=\"og:image\" content=\"https:\/\/www.interperu.pe\/blog\/wp-content\/uploads\/2017\/06\/international-evento-aniversario-uruguay.jpg\" \/>\n\t<meta property=\"og:image:width\" content=\"720\" \/>\n\t<meta property=\"og:image:height\" content=\"374\" \/>\n\t<meta property=\"og:image:type\" content=\"image\/jpeg\" \/>\n<meta name=\"author\" content=\"interperu\" \/>\n<meta name=\"twitter:card\" content=\"summary_large_image\" \/>\n<meta name=\"twitter:label1\" content=\"Escrito por\" \/>\n\t<meta name=\"twitter:data1\" content=\"interperu\" \/>\n<script type=\"application\/ld+json\" class=\"yoast-schema-graph\">{\"@context\":\"https:\/\/schema.org\",\"@graph\":[{\"@type\":\"WebPage\",\"@id\":\"https:\/\/www.interperu.pe\/blog\/55-anos-uruguay\/\",\"url\":\"https:\/\/www.interperu.pe\/blog\/55-anos-uruguay\/\",\"name\":\"55 a\u00f1os en Uruguay | Blog | INTERPERU\",\"isPartOf\":{\"@id\":\"https:\/\/www.interperu.pe\/blog\/#website\"},\"datePublished\":\"2016-11-17T14:35:23+00:00\",\"dateModified\":\"2017-07-13T20:43:35+00:00\",\"author\":{\"@id\":\"https:\/\/www.interperu.pe\/blog\/#\/schema\/person\/7ff5958028256cdf442cbd9970bcb1d5\"},\"description\":\"El 17 de noviembre se celebraron 55 a\u00f1os de presencia y liderazgo de INTERNATIONAL en Uruguay. Conoce m\u00e1s del evento entrando al blog de INTERPERU.\",\"breadcrumb\":{\"@id\":\"https:\/\/www.interperu.pe\/blog\/55-anos-uruguay\/#breadcrumb\"},\"inLanguage\":\"es\",\"potentialAction\":[{\"@type\":\"ReadAction\",\"target\":[\"https:\/\/www.interperu.pe\/blog\/55-anos-uruguay\/\"]}]},{\"@type\":\"BreadcrumbList\",\"@id\":\"https:\/\/www.interperu.pe\/blog\/55-anos-uruguay\/#breadcrumb\",\"itemListElement\":[{\"@type\":\"ListItem\",\"position\":1,\"name\":\"Home\",\"item\":\"https:\/\/www.interperu.pe\/blog\/\"},{\"@type\":\"ListItem\",\"position\":2,\"name\":\"55 a\u00f1os en Uruguay\"}]},{\"@type\":\"WebSite\",\"@id\":\"https:\/\/www.interperu.pe\/blog\/#website\",\"url\":\"https:\/\/www.interperu.pe\/blog\/\",\"name\":\"Blog | Venta de Camiones y remolcadores | INTERPERU\",\"description\":\"Te invitamos al blog corporativo de INTERPERU. Donde encontraras novedades, noticias, promociones y eventos sobre camiones y remolcadores de International. %%page%\",\"potentialAction\":[{\"@type\":\"SearchAction\",\"target\":{\"@type\":\"EntryPoint\",\"urlTemplate\":\"https:\/\/www.interperu.pe\/blog\/?s={search_term_string}\"},\"query-input\":\"required name=search_term_string\"}],\"inLanguage\":\"es\"},{\"@type\":\"Person\",\"@id\":\"https:\/\/www.interperu.pe\/blog\/#\/schema\/person\/7ff5958028256cdf442cbd9970bcb1d5\",\"name\":\"interperu\",\"image\":{\"@type\":\"ImageObject\",\"inLanguage\":\"es\",\"@id\":\"https:\/\/www.interperu.pe\/blog\/#\/schema\/person\/image\/\",\"url\":\"https:\/\/secure.gravatar.com\/avatar\/d31ec31447da5e432474170bdade13ac?s=96&d=mm&r=g\",\"contentUrl\":\"https:\/\/secure.gravatar.com\/avatar\/d31ec31447da5e432474170bdade13ac?s=96&d=mm&r=g\",\"caption\":\"interperu\"}}]}<\/script>\n<!-- \/ Yoast SEO plugin. -->","yoast_head_json":{"title":"55 a\u00f1os en Uruguay | Blog | INTERPERU","description":"El 17 de noviembre se celebraron 55 a\u00f1os de presencia y liderazgo de INTERNATIONAL en Uruguay. Conoce m\u00e1s del evento entrando al blog de INTERPERU.","robots":{"index":"index","follow":"follow","max-snippet":"max-snippet:-1","max-image-preview":"max-image-preview:large","max-video-preview":"max-video-preview:-1"},"canonical":"https:\/\/www.interperu.pe\/blog\/55-anos-uruguay\/","og_locale":"es_ES","og_type":"article","og_title":"55 a\u00f1os en Uruguay | Blog | INTERPERU","og_description":"El 17 de noviembre se celebraron 55 a\u00f1os de presencia y liderazgo de INTERNATIONAL en Uruguay. Conoce m\u00e1s del evento entrando al blog de INTERPERU.","og_url":"https:\/\/www.interperu.pe\/blog\/55-anos-uruguay\/","og_site_name":"Blog | Venta de Camiones y remolcadores | INTERPERU","article_published_time":"2016-11-17T14:35:23+00:00","article_modified_time":"2017-07-13T20:43:35+00:00","og_image":[{"width":720,"height":374,"url":"https:\/\/www.interperu.pe\/blog\/wp-content\/uploads\/2017\/06\/international-evento-aniversario-uruguay.jpg","type":"image\/jpeg"}],"author":"interperu","twitter_card":"summary_large_image","twitter_misc":{"Escrito por":"interperu"},"schema":{"@context":"https:\/\/schema.org","@graph":[{"@type":"WebPage","@id":"https:\/\/www.interperu.pe\/blog\/55-anos-uruguay\/","url":"https:\/\/www.interperu.pe\/blog\/55-anos-uruguay\/","name":"55 a\u00f1os en Uruguay | Blog | INTERPERU","isPartOf":{"@id":"https:\/\/www.interperu.pe\/blog\/#website"},"datePublished":"2016-11-17T14:35:23+00:00","dateModified":"2017-07-13T20:43:35+00:00","author":{"@id":"https:\/\/www.interperu.pe\/blog\/#\/schema\/person\/7ff5958028256cdf442cbd9970bcb1d5"},"description":"El 17 de noviembre se celebraron 55 a\u00f1os de presencia y liderazgo de INTERNATIONAL en Uruguay. Conoce m\u00e1s del evento entrando al blog de INTERPERU.","breadcrumb":{"@id":"https:\/\/www.interperu.pe\/blog\/55-anos-uruguay\/#breadcrumb"},"inLanguage":"es","potentialAction":[{"@type":"ReadAction","target":["https:\/\/www.interperu.pe\/blog\/55-anos-uruguay\/"]}]},{"@type":"BreadcrumbList","@id":"https:\/\/www.interperu.pe\/blog\/55-anos-uruguay\/#breadcrumb","itemListElement":[{"@type":"ListItem","position":1,"name":"Home","item":"https:\/\/www.interperu.pe\/blog\/"},{"@type":"ListItem","position":2,"name":"55 a\u00f1os en Uruguay"}]},{"@type":"WebSite","@id":"https:\/\/www.interperu.pe\/blog\/#website","url":"https:\/\/www.interperu.pe\/blog\/","name":"Blog | Venta de Camiones y remolcadores | INTERPERU","description":"Te invitamos al blog corporativo de INTERPERU. Donde encontraras novedades, noticias, promociones y eventos sobre camiones y remolcadores de International. %%page%","potentialAction":[{"@type":"SearchAction","target":{"@type":"EntryPoint","urlTemplate":"https:\/\/www.interperu.pe\/blog\/?s={search_term_string}"},"query-input":"required name=search_term_string"}],"inLanguage":"es"},{"@type":"Person","@id":"https:\/\/www.interperu.pe\/blog\/#\/schema\/person\/7ff5958028256cdf442cbd9970bcb1d5","name":"interperu","image":{"@type":"ImageObject","inLanguage":"es","@id":"https:\/\/www.interperu.pe\/blog\/#\/schema\/person\/image\/","url":"https:\/\/secure.gravatar.com\/avatar\/d31ec31447da5e432474170bdade13ac?s=96&d=mm&r=g","contentUrl":"https:\/\/secure.gravatar.com\/avatar\/d31ec31447da5e432474170bdade13ac?s=96&d=mm&r=g","caption":"interperu"}}]}},"_links":{"self":[{"href":"https:\/\/www.interperu.pe\/blog\/wp-json\/wp\/v2\/posts\/110"}],"collection":[{"href":"https:\/\/www.interperu.pe\/blog\/wp-json\/wp\/v2\/posts"}],"about":[{"href":"https:\/\/www.interperu.pe\/blog\/wp-json\/wp\/v2\/types\/post"}],"author":[{"embeddable":true,"href":"https:\/\/www.interperu.pe\/blog\/wp-json\/wp\/v2\/users\/1"}],"replies":[{"embeddable":true,"href":"https:\/\/www.interperu.pe\/blog\/wp-json\/wp\/v2\/comments?post=110"}],"version-history":[{"count":2,"href":"https:\/\/www.interperu.pe\/blog\/wp-json\/wp\/v2\/posts\/110\/revisions"}],"predecessor-version":[{"id":125,"href":"https:\/\/www.interperu.pe\/blog\/wp-json\/wp\/v2\/posts\/110\/revisions\/125"}],"wp:featuredmedia":[{"embeddable":true,"href":"https:\/\/www.interperu.pe\/blog\/wp-json\/wp\/v2\/media\/127"}],"wp:attachment":[{"href":"https:\/\/www.interperu.pe\/blog\/wp-json\/wp\/v2\/media?parent=110"}],"wp:term":[{"taxonomy":"category","embeddable":true,"href":"https:\/\/www.interperu.pe\/blog\/wp-json\/wp\/v2\/categories?post=110"},{"taxonomy":"post_tag","embeddable":true,"href":"https:\/\/www.interperu.pe\/blog\/wp-json\/wp\/v2\/tags?post=110"}],"curies":[{"name":"wp","href":"https:\/\/api.w.org\/{rel}","templated":true}]}}